{"id":10077,"date":"2022-07-18T14:01:15","date_gmt":"2022-07-18T17:01:15","guid":{"rendered":"https:\/\/expressaoms.com.br\/?p=10077"},"modified":"2022-07-18T14:01:15","modified_gmt":"2022-07-18T17:01:15","slug":"com-filmes-nacionais-e-internacionais-1255-pessoas-prestigiaram-cinema-drive-in-cine-autorama","status":"publish","type":"post","link":"https:\/\/expressaoms.com.br\/index.php\/2022\/07\/18\/com-filmes-nacionais-e-internacionais-1255-pessoas-prestigiaram-cinema-drive-in-cine-autorama\/","title":{"rendered":"Com filmes nacionais e internacionais, 1255 pessoas prestigiaram cinema drive-in Cine Autorama"},"content":{"rendered":"<p data-raofz=\"16\">Tr\u00eas Lagoas recebeu neste fim de semana, (16 e 17), o projeto de cinema drive-in itinerante promovido pela Brazucah Produ\u00e7\u00f5es, em parceria com a Prefeitura de Tr\u00eas Lagoas, por meio da Diretoria de Cultura da Secretaria Municipal de Educa\u00e7\u00e3o e Cultura (SEMEC) e patroc\u00ednio da ArcelorMittal Sitrel. De acordo com os organizadores, 1255 pessoas assistiram as quatro exibi\u00e7\u00f5es gratuitas de filmes nacionais e internacionais.<\/p>\n<p data-raofz=\"16\">Foi a primeira vez que a cidade recebeu o projeto que tem objetivo de democratizar o acesso \u00e0 cultura e j\u00e1 realizou mais de 360 sess\u00f5es para cerca de 85 mil pessoas em todo o pa\u00eds.<\/p>\n<p data-raofz=\"16\">Foram exibidos no centro de m\u00faltiplos eventos Arenamix, os filmes Eduardo e M\u00f4nica e Homem-Aranha: Sem Volta para Casa, no s\u00e1bado (16), para 165 ve\u00edculos e no domingo (17), Ghostbusters \u2013 Mais Al\u00e9m e T\u00f4 Ryca 2, para 194 autom\u00f3veis, e para aumentar o clima de cinema e prestigiar a s\u00e9tima arte neste formato t\u00e3o charmoso, o p\u00fablico ganhou como cortesia sacos de pipocas.<\/p>\n","protected":false},"excerpt":{"rendered":"<p>Tr\u00eas Lagoas recebeu neste fim de semana, (16 e 17), o projeto de cinema drive-in itinerante promovido pela Brazucah Produ\u00e7\u00f5es, em parceria com a Prefeitura de Tr\u00eas Lagoas, por meio da Diretoria de Cultura da Secretaria Municipal de Educa\u00e7\u00e3o e Cultura (SEMEC) e patroc\u00ednio da ArcelorMittal Sitrel. De acordo com os organizadores, 1255 pessoas assistiram [&hellip;]<\/p>\n","protected":false},"author":2,"featured_media":10078,"comment_status":"open","ping_status":"open","sticky":false,"template":"","format":"standard","meta":{"om_disable_all_campaigns":false,"_monsterinsights_skip_tracking":false,"_monsterinsights_sitenote_active":false,"_monsterinsights_sitenote_note":"","_monsterinsights_sitenote_category":0,"footnotes":""},"categories":[29,35,36,48],"tags":[],"aioseo_notices":[],"_links":{"self":[{"href":"https:\/\/expressaoms.com.br\/index.php\/wp-json\/wp\/v2\/posts\/10077"}],"collection":[{"href":"https:\/\/expressaoms.com.br\/index.php\/wp-json\/wp\/v2\/posts"}],"about":[{"href":"https:\/\/expressaoms.com.br\/index.php\/wp-json\/wp\/v2\/types\/post"}],"author":[{"embeddable":true,"href":"https:\/\/expressaoms.com.br\/index.php\/wp-json\/wp\/v2\/users\/2"}],"replies":[{"embeddable":true,"href":"https:\/\/expressaoms.com.br\/index.php\/wp-json\/wp\/v2\/comments?post=10077"}],"version-history":[{"count":1,"href":"https:\/\/expressaoms.com.br\/index.php\/wp-json\/wp\/v2\/posts\/10077\/revisions"}],"predecessor-version":[{"id":10079,"href":"https:\/\/expressaoms.com.br\/index.php\/wp-json\/wp\/v2\/posts\/10077\/revisions\/10079"}],"wp:featuredmedia":[{"embeddable":true,"href":"https:\/\/expressaoms.com.br\/index.php\/wp-json\/wp\/v2\/media\/10078"}],"wp:attachment":[{"href":"https:\/\/expressaoms.com.br\/index.php\/wp-json\/wp\/v2\/media?parent=10077"}],"wp:term":[{"taxonomy":"category","embeddable":true,"href":"https:\/\/expressaoms.com.br\/index.php\/wp-json\/wp\/v2\/categories?post=10077"},{"taxonomy":"post_tag","embeddable":true,"href":"https:\/\/expressaoms.com.br\/index.php\/wp-json\/wp\/v2\/tags?post=10077"}],"curies":[{"name":"wp","href":"https:\/\/api.w.org\/{rel}","templated":true}]}}