{"id":10146,"date":"2022-07-19T12:31:22","date_gmt":"2022-07-19T15:31:22","guid":{"rendered":"https:\/\/expressaoms.com.br\/?p=10146"},"modified":"2022-07-19T12:32:09","modified_gmt":"2022-07-19T15:32:09","slug":"13-expo-flor-comeca-hoje-em-tres-lagoas","status":"publish","type":"post","link":"https:\/\/expressaoms.com.br\/index.php\/2022\/07\/19\/13-expo-flor-comeca-hoje-em-tres-lagoas\/","title":{"rendered":"13\u00aa Expo Flor come\u00e7a hoje em Tr\u00eas Lagoas"},"content":{"rendered":"<div>A Associa\u00e7\u00e3o de Pais e Amigos dos Excepcionais (APAE) de Tr\u00eas Lagoas abre hoje (19) a 13\u00aa edi\u00e7\u00e3o da Expo Flor. O evento acontece na Pra\u00e7a Senador Ramez Tebet, das 8h \u00e0s 20h, sem interrup\u00e7\u00e3o no hor\u00e1rio de almo\u00e7o.<\/div>\n<div><\/div>\n<div>Segundo o Presidente da Associa\u00e7\u00e3o de Pais e Amigos dos Excepcionais (APAE) de Tr\u00eas Lagoas, Eduardo de Paula Queiroz, ser\u00e3o mais de 150 esp\u00e9cies de flores e plantas ornamentais comercializadas a partir de R$ 3,00.<\/div>\n<div><\/div>\n<div><img fetchpriority=\"high\" decoding=\"async\" class=\"alignnone size-full wp-image-10147\" src=\"https:\/\/expressaoms.com.br\/wp-content\/uploads\/2022\/07\/1.jpeg\" alt=\"\" width=\"1187\" height=\"897\" srcset=\"https:\/\/expressaoms.com.br\/wp-content\/uploads\/2022\/07\/1.jpeg 1187w, https:\/\/expressaoms.com.br\/wp-content\/uploads\/2022\/07\/1-600x453.jpeg 600w, https:\/\/expressaoms.com.br\/wp-content\/uploads\/2022\/07\/1-300x227.jpeg 300w, https:\/\/expressaoms.com.br\/wp-content\/uploads\/2022\/07\/1-1024x774.jpeg 1024w, https:\/\/expressaoms.com.br\/wp-content\/uploads\/2022\/07\/1-768x580.jpeg 768w\" sizes=\"(max-width: 1187px) 100vw, 1187px\" \/><\/div>\n<div><\/div>\n<div>&#8220;Depois de dois anos, retornamos nossas atividades com energia e entusiasmo&#8221;, afirma ele. &#8220;\u00c9 um evento excelente, repleto de belas flores e plantas ornamentais com pre\u00e7o acess\u00edvel, e claro, uma oportunidade \u00fanica de ajudar a APAE da nossa cidade&#8221;, ressaltou.<\/div>\n<div><\/div>\n<div>Para mais informa\u00e7\u00f5es, a APAE est\u00e1 localizada na Rua Generoso Siqueira, 789 \u2013 Centro, com expediente das 7h \u00e0s 11h, na parte da manh\u00e3, e das 13h \u00e0s 17h, no per\u00edodo vespertino ou atrav\u00e9s do telefone (67) 3521-2789.<\/div>\n","protected":false},"excerpt":{"rendered":"<p>A Associa\u00e7\u00e3o de Pais e Amigos dos Excepcionais (APAE) de Tr\u00eas Lagoas abre hoje (19) a 13\u00aa edi\u00e7\u00e3o da Expo Flor. O evento acontece na Pra\u00e7a Senador Ramez Tebet, das 8h \u00e0s 20h, sem interrup\u00e7\u00e3o no hor\u00e1rio de almo\u00e7o. Segundo o Presidente da Associa\u00e7\u00e3o de Pais e Amigos dos Excepcionais (APAE) de Tr\u00eas Lagoas, Eduardo [&hellip;]<\/p>\n","protected":false},"author":3,"featured_media":10148,"comment_status":"open","ping_status":"open","sticky":false,"template":"","format":"standard","meta":{"om_disable_all_campaigns":false,"_monsterinsights_skip_tracking":false,"_monsterinsights_sitenote_active":false,"_monsterinsights_sitenote_note":"","_monsterinsights_sitenote_category":0,"footnotes":""},"categories":[35,36,48],"tags":[],"aioseo_notices":[],"_links":{"self":[{"href":"https:\/\/expressaoms.com.br\/index.php\/wp-json\/wp\/v2\/posts\/10146"}],"collection":[{"href":"https:\/\/expressaoms.com.br\/index.php\/wp-json\/wp\/v2\/posts"}],"about":[{"href":"https:\/\/expressaoms.com.br\/index.php\/wp-json\/wp\/v2\/types\/post"}],"author":[{"embeddable":true,"href":"https:\/\/expressaoms.com.br\/index.php\/wp-json\/wp\/v2\/users\/3"}],"replies":[{"embeddable":true,"href":"https:\/\/expressaoms.com.br\/index.php\/wp-json\/wp\/v2\/comments?post=10146"}],"version-history":[{"count":2,"href":"https:\/\/expressaoms.com.br\/index.php\/wp-json\/wp\/v2\/posts\/10146\/revisions"}],"predecessor-version":[{"id":10150,"href":"https:\/\/expressaoms.com.br\/index.php\/wp-json\/wp\/v2\/posts\/10146\/revisions\/10150"}],"wp:featuredmedia":[{"embeddable":true,"href":"https:\/\/expressaoms.com.br\/index.php\/wp-json\/wp\/v2\/media\/10148"}],"wp:attachment":[{"href":"https:\/\/expressaoms.com.br\/index.php\/wp-json\/wp\/v2\/media?parent=10146"}],"wp:term":[{"taxonomy":"category","embeddable":true,"href":"https:\/\/expressaoms.com.br\/index.php\/wp-json\/wp\/v2\/categories?post=10146"},{"taxonomy":"post_tag","embeddable":true,"href":"https:\/\/expressaoms.com.br\/index.php\/wp-json\/wp\/v2\/tags?post=10146"}],"curies":[{"name":"wp","href":"https:\/\/api.w.org\/{rel}","templated":true}]}}