{"id":10291,"date":"2022-07-21T17:48:22","date_gmt":"2022-07-21T20:48:22","guid":{"rendered":"https:\/\/expressaoms.com.br\/?p=10291"},"modified":"2022-07-21T17:48:22","modified_gmt":"2022-07-21T20:48:22","slug":"atencao-refis-esta-disponivel-com-desconto-de-ate-100-de-multas-e-juros","status":"publish","type":"post","link":"https:\/\/expressaoms.com.br\/index.php\/2022\/07\/21\/atencao-refis-esta-disponivel-com-desconto-de-ate-100-de-multas-e-juros\/","title":{"rendered":"ATEN\u00c7\u00c3O \u2013 REFIS est\u00e1 dispon\u00edvel com desconto de at\u00e9 100% de multas e juros"},"content":{"rendered":"<p>A Prefeitura Municipal, atrav\u00e9s da Secretaria de Finan\u00e7as informa que est\u00e1 dispon\u00edvel para ades\u00e3o dos contribuintes at\u00e9 dia 30 de agosto o REFIS (Programa de Recupera\u00e7\u00e3o de Cr\u00e9ditos Fiscais).<\/p>\n<p>Com o REFIS as pessoas que possuem d\u00edvidas com munic\u00edpio podem regularizar seus d\u00e9bitos. Entram no Programa os cr\u00e9ditos tribut\u00e1rios e n\u00e3o tribut\u00e1rios, constitu\u00eddos ou n\u00e3o, inscritos ou n\u00e3o em d\u00edvida ativa, ajuizados ou n\u00e3o, com exigibilidade suspensa ou n\u00e3o, inclusive decorrente de falta de recolhimento de valores retidos correspondentes a fatos geradores ocorridos at\u00e9 31 de dezembro de 2021.<\/p>\n<p>Para aderir ao REFIS os respons\u00e1veis pela d\u00edvida precisam ir ao Centro de Arrecada\u00e7\u00e3o com seus documentos pessoais, escolher a modalidade de pagamento e assinar o termo de acordo para ent\u00e3o efetuar o pagamento.<\/p>\n<p>Est\u00e3o dispon\u00edveis aos contribuintes tr\u00eas modalidades de acordo:<\/p>\n<p>1\u00aa \u2013 A de pagamento \u00e0 vista, que tem o desconto de 100% (cem por cento) das multas e juros de mora at\u00e9 a data do acordo;<\/p>\n<p>2\u00aa \u2013 A de pagamento parcelado em at\u00e9 6 (seis) parcelas com desconto 80% (oitenta por cento) das multas e juros de mora incidentes sobre o valor do cr\u00e9dito tribut\u00e1rio.<\/p>\n<p>3\u00aa \u2013 A de pagamento parcelado em at\u00e9 12 (doze) parcelas com desconto de 60% (sessenta por cento) das multas e juros de mora incidentes sobre o valor do cr\u00e9dito tribut\u00e1rio.<\/p>\n<blockquote><p><strong>ATEN\u00c7\u00c3O \u2013 Independente da op\u00e7\u00e3o escolhida, o pagamento da<br \/>\n<\/strong><strong>1\u00aa parcela dever\u00e1 ser feito na data em que for assinado o Termo de Parcelamento e Confiss\u00e3o de D\u00edvida.<\/strong><\/p><\/blockquote>\n<p>O Centro de Arrecada\u00e7\u00e3o est\u00e1 localizado na Avenida Luiz Fiuza Lima n\u00ba 9B, com atendimento de segunda a sexta-feira das 7h \u00e0s 13h.<\/p>\n<p>Em caso de d\u00favidas entre em contato pelo telefone \u2013 <a href=\"tel:(67) 3239-1269\">(67) 3239-1269<\/a><br \/>\nou pelo e-mail \u2013 centrodearrecadacao@pmaguaclara.ms.gov.br<\/p>\n","protected":false},"excerpt":{"rendered":"<p>A Prefeitura Municipal, atrav\u00e9s da Secretaria de Finan\u00e7as informa que est\u00e1 dispon\u00edvel para ades\u00e3o dos contribuintes at\u00e9 dia 30 de agosto o REFIS (Programa de Recupera\u00e7\u00e3o de Cr\u00e9ditos Fiscais). Com o REFIS as pessoas que possuem d\u00edvidas com munic\u00edpio podem regularizar seus d\u00e9bitos. Entram no Programa os cr\u00e9ditos tribut\u00e1rios e n\u00e3o tribut\u00e1rios, constitu\u00eddos ou n\u00e3o, [&hellip;]<\/p>\n","protected":false},"author":2,"featured_media":10292,"comment_status":"open","ping_status":"open","sticky":false,"template":"","format":"standard","meta":{"om_disable_all_campaigns":false,"_monsterinsights_skip_tracking":false,"_monsterinsights_sitenote_active":false,"_monsterinsights_sitenote_note":"","_monsterinsights_sitenote_category":0,"footnotes":""},"categories":[189,30,193],"tags":[],"aioseo_notices":[],"_links":{"self":[{"href":"https:\/\/expressaoms.com.br\/index.php\/wp-json\/wp\/v2\/posts\/10291"}],"collection":[{"href":"https:\/\/expressaoms.com.br\/index.php\/wp-json\/wp\/v2\/posts"}],"about":[{"href":"https:\/\/expressaoms.com.br\/index.php\/wp-json\/wp\/v2\/types\/post"}],"author":[{"embeddable":true,"href":"https:\/\/expressaoms.com.br\/index.php\/wp-json\/wp\/v2\/users\/2"}],"replies":[{"embeddable":true,"href":"https:\/\/expressaoms.com.br\/index.php\/wp-json\/wp\/v2\/comments?post=10291"}],"version-history":[{"count":1,"href":"https:\/\/expressaoms.com.br\/index.php\/wp-json\/wp\/v2\/posts\/10291\/revisions"}],"predecessor-version":[{"id":10293,"href":"https:\/\/expressaoms.com.br\/index.php\/wp-json\/wp\/v2\/posts\/10291\/revisions\/10293"}],"wp:featuredmedia":[{"embeddable":true,"href":"https:\/\/expressaoms.com.br\/index.php\/wp-json\/wp\/v2\/media\/10292"}],"wp:attachment":[{"href":"https:\/\/expressaoms.com.br\/index.php\/wp-json\/wp\/v2\/media?parent=10291"}],"wp:term":[{"taxonomy":"category","embeddable":true,"href":"https:\/\/expressaoms.com.br\/index.php\/wp-json\/wp\/v2\/categories?post=10291"},{"taxonomy":"post_tag","embeddable":true,"href":"https:\/\/expressaoms.com.br\/index.php\/wp-json\/wp\/v2\/tags?post=10291"}],"curies":[{"name":"wp","href":"https:\/\/api.w.org\/{rel}","templated":true}]}}