{"id":10720,"date":"2022-08-02T10:46:35","date_gmt":"2022-08-02T13:46:35","guid":{"rendered":"https:\/\/expressaoms.com.br\/?p=10720"},"modified":"2022-08-02T10:46:35","modified_gmt":"2022-08-02T13:46:35","slug":"cerimonia-comemora-3-anos-de-implantacao-da-cil-em-tres-lagoas","status":"publish","type":"post","link":"https:\/\/expressaoms.com.br\/index.php\/2022\/08\/02\/cerimonia-comemora-3-anos-de-implantacao-da-cil-em-tres-lagoas\/","title":{"rendered":"Cerim\u00f4nia comemora 3 anos de implanta\u00e7\u00e3o da CIL em Tr\u00eas Lagoas"},"content":{"rendered":"<p data-raofz=\"16\">Na noite desta segunda-feira (1\u00ba) a Secretaria Municipal de Assist\u00eancia Social (SMAS) promoveu cerim\u00f4nia em comemora\u00e7\u00e3o aos 3 anos de atendimento da Central de Interpreta\u00e7\u00e3o de Libras (CIL) \u00e0 comunidade surda de Tr\u00eas Lagoas.<\/p>\n<p data-raofz=\"16\">\nA Central foi criada com o objetivo de fomentar a inclus\u00e3o de pessoas com defici\u00eancia auditiva, proporcionando atendimento especializado e espec\u00edfico aos surdos, promovendo a acessibilidade das pessoas surdas em todos os locais p\u00fablicos da cidade, realizando um trabalho de inclus\u00e3o com a comunidade surda de Tr\u00eas Lagoas, dando a eles a garantia de comunica\u00e7\u00e3o e acessibilidade a todos os servi\u00e7os de pol\u00edticas p\u00fablicas de nosso Munic\u00edpio e em cumprimento da lei 10.436.<\/p>\n<p data-raofz=\"16\">\nO evento contou com a participa\u00e7\u00e3o da representante da Secretaria Municipal de Assist\u00eancia Social, Dayane Caroline, da coordenadora da CIL, Vanessa Paschoalim, do Professor Doutor Adriano Gianoto, o representante da Comunidade Surda de Tr\u00eas Lagoas, Matheus Igor de Souza, e representando a C\u00e2mara dos Vereadores, o l\u00edder do prefeito Tonh\u00e3o.<br \/>\nA cerim\u00f4nia de homenagem \u00e0 comunidade e ao servi\u00e7o da CIL teve in\u00edcio com a apresenta\u00e7\u00e3o dos corais Vencendo o Sil\u00eancio com Amor e Minist\u00e9rio m\u00e3os para as obras de Deus da Igreja Batista Peniel.<\/p>\n<p data-raofz=\"16\">\nEm sua fala, a Coordenadora do CIl, disse que atua na Central h\u00e1 dois anos e sente uma honra imensa em servir a comunidade surda de Tr\u00eas Lagoas. Ela agradeceu \u00e0 Administra\u00e7\u00e3o Municipal, que tem um olhar de amor e carinho aos deficientes auditivos, possibilitando sua inclus\u00e3o na sociedade.<\/p>\n<p data-raofz=\"16\">\nO Professor Doutor da UFMS, Adriano Gianoto, falou de sua vinda \u00e0 Tr\u00eas Lagoas e do in\u00edcio de sua luta para ajudar a comunidade surda. Ele conta que apresentou o projeto na C\u00e2mara de Vereadores, que ap\u00f3s ser aprovada foi para o executivo e o Prefeito Angelo Guerreiro, com muito carinho abra\u00e7ou a causa e junto com a sua equipe transformaram o projeto em realidade.<\/p>\n<p data-raofz=\"16\">\nMatheus Igor, lembrou que antes da implanta\u00e7\u00e3o da Central de Libras a comunidade tinha muita dificuldade de acessibilidade, e que esta realidade foi transformada e hoje as pessoas surdas que vivem em Tr\u00eas Lagoas sentem que fazem parte da comunidade.<\/p>\n<p data-raofz=\"16\">\nMateus agradeceu ao Prefeito pela implanta\u00e7\u00e3o da CIL e a todos os profissionais que passaram pela central, prestando um servi\u00e7o de excel\u00eancia e sempre com muito amor e dedica\u00e7\u00e3o.<\/p>\n<p data-raofz=\"16\">\nO Vereador Tonh\u00e3o, disse que com a ajuda de seus representantes, a comunidade surda quebrou barreiras, conseguiu encontrar pessoas em seu caminho que ajudaram a realizar um projeto e transformar a vida de dezenas de pessoas em Tr\u00eas Lagoas.<\/p>\n<p data-raofz=\"16\">\nDayane Caroline, representando a Secretaria Municipal de Assist\u00eancia Social, lembrou da dificuldade que \u00e9 criar um projeto do zero, manter o servi\u00e7o funcionando e chegar \u00e0queles que realmente precisam. Dayane agradeceu a todos os funcion\u00e1rios da CIL que transformaram um sonho em realidade e que possibilitou que o diferente fosse inclu\u00eddo na sociedade.<\/p>\n<p data-raofz=\"16\">\nA cerim\u00f4nia foi encerrada com uma palestra motivacional ministrada pela Psic\u00f3loga Paula Neves, que abordou os desafios das pessoas com defici\u00eancia em sua rotina di\u00e1ria e o que os motiva a continuar batalhando.<\/p>\n","protected":false},"excerpt":{"rendered":"<p>Na noite desta segunda-feira (1\u00ba) a Secretaria Municipal de Assist\u00eancia Social (SMAS) promoveu cerim\u00f4nia em comemora\u00e7\u00e3o aos 3 anos de atendimento da Central de Interpreta\u00e7\u00e3o de Libras (CIL) \u00e0 comunidade surda de Tr\u00eas Lagoas. A Central foi criada com o objetivo de fomentar a inclus\u00e3o de pessoas com defici\u00eancia auditiva, proporcionando atendimento especializado e espec\u00edfico [&hellip;]<\/p>\n","protected":false},"author":2,"featured_media":10721,"comment_status":"open","ping_status":"open","sticky":false,"template":"","format":"standard","meta":{"om_disable_all_campaigns":false,"_monsterinsights_skip_tracking":false,"_monsterinsights_sitenote_active":false,"_monsterinsights_sitenote_note":"","_monsterinsights_sitenote_category":0,"footnotes":""},"categories":[35,36,48],"tags":[],"aioseo_notices":[],"_links":{"self":[{"href":"https:\/\/expressaoms.com.br\/index.php\/wp-json\/wp\/v2\/posts\/10720"}],"collection":[{"href":"https:\/\/expressaoms.com.br\/index.php\/wp-json\/wp\/v2\/posts"}],"about":[{"href":"https:\/\/expressaoms.com.br\/index.php\/wp-json\/wp\/v2\/types\/post"}],"author":[{"embeddable":true,"href":"https:\/\/expressaoms.com.br\/index.php\/wp-json\/wp\/v2\/users\/2"}],"replies":[{"embeddable":true,"href":"https:\/\/expressaoms.com.br\/index.php\/wp-json\/wp\/v2\/comments?post=10720"}],"version-history":[{"count":1,"href":"https:\/\/expressaoms.com.br\/index.php\/wp-json\/wp\/v2\/posts\/10720\/revisions"}],"predecessor-version":[{"id":10722,"href":"https:\/\/expressaoms.com.br\/index.php\/wp-json\/wp\/v2\/posts\/10720\/revisions\/10722"}],"wp:featuredmedia":[{"embeddable":true,"href":"https:\/\/expressaoms.com.br\/index.php\/wp-json\/wp\/v2\/media\/10721"}],"wp:attachment":[{"href":"https:\/\/expressaoms.com.br\/index.php\/wp-json\/wp\/v2\/media?parent=10720"}],"wp:term":[{"taxonomy":"category","embeddable":true,"href":"https:\/\/expressaoms.com.br\/index.php\/wp-json\/wp\/v2\/categories?post=10720"},{"taxonomy":"post_tag","embeddable":true,"href":"https:\/\/expressaoms.com.br\/index.php\/wp-json\/wp\/v2\/tags?post=10720"}],"curies":[{"name":"wp","href":"https:\/\/api.w.org\/{rel}","templated":true}]}}