{"id":11121,"date":"2022-08-13T14:46:41","date_gmt":"2022-08-13T17:46:41","guid":{"rendered":"https:\/\/expressaoms.com.br\/?p=11121"},"modified":"2022-08-15T11:48:29","modified_gmt":"2022-08-15T14:48:29","slug":"1o-dia-do-mohow-reune-bom-publico-em-tres-lagoas","status":"publish","type":"post","link":"https:\/\/expressaoms.com.br\/index.php\/2022\/08\/13\/1o-dia-do-mohow-reune-bom-publico-em-tres-lagoas\/","title":{"rendered":"1\u00ba dia do Motoshow re\u00fane bom p\u00fablico em Tr\u00eas Lagoas"},"content":{"rendered":"<p>Uma das maiores festas de Tr\u00eas Lagoas, o Motoshow, come\u00e7ou nesta sexta-feira (12) e segue at\u00e9 o domingo (14). O evento tem apoio da Prefeitura de Tr\u00eas Lagoas, por meio Secretaria Municipal de Desenvolvimento Econ\u00f4mico, Ci\u00eancias e Tecnologia (SEDECT) e acontece no centro de m\u00faltiplos eventos Arenamix.<\/p>\n<p>O dia contou com port\u00f5es abertos para os shows da dupla Bruninho e Davi e das bandas Tritono, M\u00e3e Joana, Seu Feij\u00e3o, Calibrados e Hight Voltage e na pista de manobras Wheeling Dom\u00ednio Vertical, apresenta\u00e7\u00f5es que reuniram um bom p\u00fablico.<\/p>\n<p>De acordo com a organizadora do evento, Associa\u00e7\u00e3o Brasileira de Bares e Restaurantes Regional da Costa Leste\/MS (ABRASEL), este ano o p\u00fablico pode prestigiar al\u00e9m de muitos shows de rock, uma pra\u00e7a de alimenta\u00e7\u00e3o com extenso festival gastron\u00f4mico.<\/p>\n<p>O presidente da ABRASEL, Marco Ant\u00f4nio Junior, agradeceu ao prefeito Angelo Guerreiro pelo apoio para a volta do evento e refor\u00e7ou os benef\u00edcios para a cidade. &#8220;A rede hoteleira do munic\u00edpio j\u00e1 est\u00e1 com cerca 80% ocupada, e a proje\u00e7\u00e3o \u00e9 chegar em 100% neste s\u00e1bado&#8221;, comentou.<\/p>\n<p>O idealizador do Motoshow, Antonio Carlos, mais conhecido como Tot\u00f3, agradeceu a todos que deram a sua contribui\u00e7\u00e3o para que o evento pudesse se tornar realidade, retornando para sua 19\u2070 edi\u00e7\u00e3o. &#8220;O Motoshow volta com grandeza, al\u00e9m disso, este \u00e9 o maior evento de motociclismo em um raio de 300km.&#8221;<\/p>\n<p>Angelo Guerreiro, por sua vez, disse o evento \u00e9 organizado com muita seriedade, e que re\u00fane pessoas de diversos munic\u00edpios e estados do pa\u00eds. &#8220;Dou as boas-vindas aos visitantes que chegam a Tr\u00eas Lagoas e saibam, sempre estaremos de bra\u00e7os abertos para receber a todos&#8221;, comentou o prefeito.<\/p>\n<p><img fetchpriority=\"high\" decoding=\"async\" class=\"alignnone size-full wp-image-11123\" src=\"https:\/\/expressaoms.com.br\/wp-content\/uploads\/2022\/08\/52282699438_5c73dd730f_o.jpg\" alt=\"\" width=\"1000\" height=\"614\" srcset=\"https:\/\/expressaoms.com.br\/wp-content\/uploads\/2022\/08\/52282699438_5c73dd730f_o.jpg 1000w, https:\/\/expressaoms.com.br\/wp-content\/uploads\/2022\/08\/52282699438_5c73dd730f_o-600x368.jpg 600w, https:\/\/expressaoms.com.br\/wp-content\/uploads\/2022\/08\/52282699438_5c73dd730f_o-300x184.jpg 300w, https:\/\/expressaoms.com.br\/wp-content\/uploads\/2022\/08\/52282699438_5c73dd730f_o-768x472.jpg 768w\" sizes=\"(max-width: 1000px) 100vw, 1000px\" \/><\/p>\n<p><strong>Programa\u00e7\u00e3o<\/strong><\/p>\n<p>Neste s\u00e1bado, dia 13, os port\u00f5es estar\u00e3o abertos a partir das 10h e valor da entrada ser\u00e1 R$ 30,00 e ter\u00e1 show das bandas, Capivara Voadoras, Filhos de Gaia, Muchileiros, Franz, Stone Crow, Physco Queen e DJ Pereira Mix e mais uma apresenta\u00e7\u00e3o da equipe Wheeling Dom\u00ednio Vertical, na pista de manobras.<\/p>\n<p>Encerrando a festa, no domingo 14, ser\u00e1 realizado, a partir das 11h, a tradicional Costelada Beneficente do Hospital Auxiliadora, com valor de R$ 80,00 e show da banda MD6.<\/p>\n","protected":false},"excerpt":{"rendered":"<p>Uma das maiores festas de Tr\u00eas Lagoas, o Motoshow, come\u00e7ou nesta sexta-feira (12) e segue at\u00e9 o domingo (14). O evento tem apoio da Prefeitura de Tr\u00eas Lagoas, por meio Secretaria Municipal de Desenvolvimento Econ\u00f4mico, Ci\u00eancias e Tecnologia (SEDECT) e acontece no centro de m\u00faltiplos eventos Arenamix. O dia contou com port\u00f5es abertos para os [&hellip;]<\/p>\n","protected":false},"author":3,"featured_media":11122,"comment_status":"open","ping_status":"open","sticky":false,"template":"","format":"standard","meta":{"om_disable_all_campaigns":false,"_monsterinsights_skip_tracking":false,"_monsterinsights_sitenote_active":false,"_monsterinsights_sitenote_note":"","_monsterinsights_sitenote_category":0,"footnotes":""},"categories":[35,36,48],"tags":[],"aioseo_notices":[],"_links":{"self":[{"href":"https:\/\/expressaoms.com.br\/index.php\/wp-json\/wp\/v2\/posts\/11121"}],"collection":[{"href":"https:\/\/expressaoms.com.br\/index.php\/wp-json\/wp\/v2\/posts"}],"about":[{"href":"https:\/\/expressaoms.com.br\/index.php\/wp-json\/wp\/v2\/types\/post"}],"author":[{"embeddable":true,"href":"https:\/\/expressaoms.com.br\/index.php\/wp-json\/wp\/v2\/users\/3"}],"replies":[{"embeddable":true,"href":"https:\/\/expressaoms.com.br\/index.php\/wp-json\/wp\/v2\/comments?post=11121"}],"version-history":[{"count":1,"href":"https:\/\/expressaoms.com.br\/index.php\/wp-json\/wp\/v2\/posts\/11121\/revisions"}],"predecessor-version":[{"id":11124,"href":"https:\/\/expressaoms.com.br\/index.php\/wp-json\/wp\/v2\/posts\/11121\/revisions\/11124"}],"wp:featuredmedia":[{"embeddable":true,"href":"https:\/\/expressaoms.com.br\/index.php\/wp-json\/wp\/v2\/media\/11122"}],"wp:attachment":[{"href":"https:\/\/expressaoms.com.br\/index.php\/wp-json\/wp\/v2\/media?parent=11121"}],"wp:term":[{"taxonomy":"category","embeddable":true,"href":"https:\/\/expressaoms.com.br\/index.php\/wp-json\/wp\/v2\/categories?post=11121"},{"taxonomy":"post_tag","embeddable":true,"href":"https:\/\/expressaoms.com.br\/index.php\/wp-json\/wp\/v2\/tags?post=11121"}],"curies":[{"name":"wp","href":"https:\/\/api.w.org\/{rel}","templated":true}]}}