{"id":11142,"date":"2022-08-15T11:44:29","date_gmt":"2022-08-15T14:44:29","guid":{"rendered":"https:\/\/expressaoms.com.br\/?p=11142"},"modified":"2022-08-15T11:44:29","modified_gmt":"2022-08-15T14:44:29","slug":"confira-as-unidades-de-saude-que-atenderao-de-15-a-20-de-agosto-pelo-programa-vacina-mais","status":"publish","type":"post","link":"https:\/\/expressaoms.com.br\/index.php\/2022\/08\/15\/confira-as-unidades-de-saude-que-atenderao-de-15-a-20-de-agosto-pelo-programa-vacina-mais\/","title":{"rendered":"Confira as Unidades de Sa\u00fade que atender\u00e3o de 15 a 20 de agosto pelo Programa Vacina Mais"},"content":{"rendered":"<p data-raofz=\"16\">Nesta terceira semana de atividades da campanha nacional \u201cVacina Mais\u201d, a Secretaria Municipal de Sa\u00fade (SMS) divulga os locais de atendimento estendido at\u00e9 \u00e0s 19h, dos dias 15 a 19, e no s\u00e1bado dia 20 \u2013 Dia D de Vacina\u00e7\u00e3o, das 8h \u00e0s 16h.<\/p>\n<p data-raofz=\"16\">A amplia\u00e7\u00e3o do hor\u00e1rio de funcionamento tem como objetivo a intensifica\u00e7\u00e3o da vacina\u00e7\u00e3o contra Influenza, Covid-19, al\u00e9m da agenda de multivacina\u00e7\u00e3o. A Campanha \u201cVacina Mais\u201d trouxe um incentivo da esfera estadual ao munic\u00edpio para tra\u00e7ar estrat\u00e9gias de amplia\u00e7\u00e3o da cobertura vacinal, para atender desde a crian\u00e7a at\u00e9 o idoso.<\/p>\n<p data-raofz=\"16\"><strong>MUDAN\u00c7A DE HOR\u00c1RIO DEVIDO BAIXA DEMANDA<\/strong><\/p>\n<p data-raofz=\"16\">Devido \u00e0 baixa demanda de atendimento, a partir desta segunda-feira (15), as salas de vacina\u00e7\u00e3o das Unidades de Sa\u00fade da Fam\u00edlia (USF) do Jupi\u00e1 e Novo Oeste voltam a funcionar em hor\u00e1rio normal, ou seja, das 7h \u00e0s 17h.<\/p>\n<p data-raofz=\"16\"><strong>DIA D MULTIVACINA\u00c7\u00c3O<\/strong><\/p>\n<p data-raofz=\"16\">No dia 20, s\u00e1bado, das 8h \u00e0s 16h, acontecer\u00e1 o Dia D da campanha de Multivacina\u00e7\u00e3o, promovida pela SMS, por meio da Central de Imuniza\u00e7\u00e3o, em todas as unidades do Munic\u00edpio inclusive do Distrito de Arapu\u00e1.<\/p>\n<p data-raofz=\"16\"><strong>CONFIRA O CRONOGRAMA DA SEMANA<\/strong><\/p>\n<p data-raofz=\"16\">De segunda-feira a sexta-feira (15 a 19 de agosto) \u2013 Atendimento das 7h \u00e0s 19h em todas as Unidades de Sa\u00fade da Fam\u00edlia (USF), exceto as Unidades do Jupi\u00e1 e Novo Oeste (ambas apenas das 7h \u00e0s 17h). VEJA A LISTA AQUI<\/p>\n<p data-raofz=\"16\">S\u00e1bado (20) \u2013 Dia D da Multivacina\u00e7\u00e3o \u2013 Atendimento com hor\u00e1rio estendido \u2013 das 8h \u00e0s 16h \u2013 USF: Atenas, Santo Andr\u00e9, Interlagos, Santa Luzia, Santa Rita, Miguel Nunes (Vila Nova), Nova Tr\u00eas Lagoas, Jupi\u00e1, Vila Haro, Vila Piloto, Maristela, Novo Oeste, S\u00e3o Carlos, Vila Alegre, Paranapung\u00e1 e Arapu\u00e1<\/p>\n","protected":false},"excerpt":{"rendered":"<p>Nesta terceira semana de atividades da campanha nacional \u201cVacina Mais\u201d, a Secretaria Municipal de Sa\u00fade (SMS) divulga os locais de atendimento estendido at\u00e9 \u00e0s 19h, dos dias 15 a 19, e no s\u00e1bado dia 20 \u2013 Dia D de Vacina\u00e7\u00e3o, das 8h \u00e0s 16h. A amplia\u00e7\u00e3o do hor\u00e1rio de funcionamento tem como objetivo a intensifica\u00e7\u00e3o [&hellip;]<\/p>\n","protected":false},"author":2,"featured_media":11143,"comment_status":"open","ping_status":"open","sticky":false,"template":"","format":"standard","meta":{"om_disable_all_campaigns":false,"_monsterinsights_skip_tracking":false,"_monsterinsights_sitenote_active":false,"_monsterinsights_sitenote_note":"","_monsterinsights_sitenote_category":0,"footnotes":""},"categories":[36,44,48],"tags":[],"aioseo_notices":[],"_links":{"self":[{"href":"https:\/\/expressaoms.com.br\/index.php\/wp-json\/wp\/v2\/posts\/11142"}],"collection":[{"href":"https:\/\/expressaoms.com.br\/index.php\/wp-json\/wp\/v2\/posts"}],"about":[{"href":"https:\/\/expressaoms.com.br\/index.php\/wp-json\/wp\/v2\/types\/post"}],"author":[{"embeddable":true,"href":"https:\/\/expressaoms.com.br\/index.php\/wp-json\/wp\/v2\/users\/2"}],"replies":[{"embeddable":true,"href":"https:\/\/expressaoms.com.br\/index.php\/wp-json\/wp\/v2\/comments?post=11142"}],"version-history":[{"count":1,"href":"https:\/\/expressaoms.com.br\/index.php\/wp-json\/wp\/v2\/posts\/11142\/revisions"}],"predecessor-version":[{"id":11144,"href":"https:\/\/expressaoms.com.br\/index.php\/wp-json\/wp\/v2\/posts\/11142\/revisions\/11144"}],"wp:featuredmedia":[{"embeddable":true,"href":"https:\/\/expressaoms.com.br\/index.php\/wp-json\/wp\/v2\/media\/11143"}],"wp:attachment":[{"href":"https:\/\/expressaoms.com.br\/index.php\/wp-json\/wp\/v2\/media?parent=11142"}],"wp:term":[{"taxonomy":"category","embeddable":true,"href":"https:\/\/expressaoms.com.br\/index.php\/wp-json\/wp\/v2\/categories?post=11142"},{"taxonomy":"post_tag","embeddable":true,"href":"https:\/\/expressaoms.com.br\/index.php\/wp-json\/wp\/v2\/tags?post=11142"}],"curies":[{"name":"wp","href":"https:\/\/api.w.org\/{rel}","templated":true}]}}