{"id":11163,"date":"2022-08-15T16:45:33","date_gmt":"2022-08-15T19:45:33","guid":{"rendered":"https:\/\/expressaoms.com.br\/?p=11163"},"modified":"2022-08-15T16:45:33","modified_gmt":"2022-08-15T19:45:33","slug":"sms-iniciou-nesta-segunda-feira-15-o-projeto-encoleira-cao-em-tres-bairros-de-tl","status":"publish","type":"post","link":"https:\/\/expressaoms.com.br\/index.php\/2022\/08\/15\/sms-iniciou-nesta-segunda-feira-15-o-projeto-encoleira-cao-em-tres-bairros-de-tl\/","title":{"rendered":"SMS iniciou nesta segunda-feira (15) o projeto \u201cEncoleira C\u00e3o\u201d em tr\u00eas bairros de TL"},"content":{"rendered":"<p>A Prefeitura de Tr\u00eas Lagoas, por meio da Secretaria Municipal de Sa\u00fade (SMS) em parceria com a Secretaria de Estado de Sa\u00fade (SED) e Minist\u00e9rio da Sa\u00fade, iniciou nesta segunda-feira (15) o Encoleira C\u00e3o, a\u00e7\u00e3o que acontece nos bairros Santa J\u00falia, Vila Alegre e Santa Rita e visa integrar um estudo avaliar\u00e1 a efetividade das coleiras impregnadas com deltametrina no combate \u00e0 Leishmaniose canina.<\/p>\n<p>A iniciativa \u00e9 do Minist\u00e9rio da Sa\u00fade, que firmou conv\u00eanio com um grupo de pesquisadores da Universidade Estadual do Rio de Janeiro (UERJ), em parceria com a Funda\u00e7\u00e3o Oswaldo Cruz (Fiocruz), para se chegar \u00e0 solu\u00e7\u00e3o pr\u00e1tica de combate e controle da Leishmaniose no Brasil. Em Tr\u00eas Lagoas, ser\u00e1 promovido pela SMS, atrav\u00e9s da Coordena\u00e7\u00e3o de Endemias, Entomologia e Centro de Controle de Zoonoses (CCZ).<\/p>\n<p><strong>COMO SER\u00c1?<\/strong><\/p>\n<p>A primeira etapa de a\u00e7\u00f5es do projeto experimental do Minist\u00e9rio da Sa\u00fade \u00e9 a coleta de sangue dos animais das regi\u00f5es selecionadas para exames laboratoriais, que ir\u00e3o diagnosticar se o c\u00e3o \u00e9 ou n\u00e3o portador da Leishmaniose. Todos esses animais, no ato da coleta de sangue para exame, j\u00e1 receber\u00e3o a coleira e, o tutor, todas as orienta\u00e7\u00f5es necess\u00e1rias para ades\u00e3o ao projeto.<\/p>\n<p>Ap\u00f3s seis meses, na troca dessa coleira, os animais que testaram positivo para a doen\u00e7a no exame inicial, n\u00e3o receber\u00e3o uma nova coleira, se limitando apenas aqueles que testaram negativo. O objetivo principal \u00e9 avaliar a efetividade, ou seja, se houve efic\u00e1cia ou n\u00e3o do uso de coleiras no combate e controle da Leishmaniose nos c\u00e3es.<\/p>\n<p>A cada ano os exames ser\u00e3o repetidos, a troca da coleira a cada 6 meses com limite de 8 ciclos semestrais para que seja poss\u00edvel verificar a efic\u00e1cia do item quando comparar os exames de sangue dos c\u00e3es protegidos e dos n\u00e3o protegidos com a coleira contra a Leishmaniose.<\/p>\n<p>Os im\u00f3veis visitados foram avisados na semana passada, entretanto, o coordenador de Endemias da SMS, Alcides Ferreira destaca que, apesar de a a\u00e7\u00e3o estar acontecendo dentro do programado, algumas resid\u00eancias estavam fechadas, mesmo ap\u00f3s o aviso antecipado.<\/p>\n<p>\u201cAs casas fechadas ser\u00e3o revisitadas, inclusive \u00e9 deixado um folhetim com o hor\u00e1rio que a SMS visitou o im\u00f3vel, nesse documento consta o contato para o mun\u00edcipe ligar e agendar o hor\u00e1rio que os agentes poder\u00e3o voltar no local e serem atendidos\u201d explicou.<\/p>\n<p>Os moradores dos bairros citados que perderam por algum motivo a visita da SMS, podem entrar em contato com o Centro de Controle de Zoonoses (CCZ) e agendar uma nova visita, atrav\u00e9s do telefone 67 3929-1803.<\/p>\n<p><strong>MAIS INFORMA\u00c7\u00d5ES SOBRE A A\u00c7\u00c3O<\/strong><\/p>\n<p>Al\u00e9m do telefone do CCZ, os mun\u00edcipes que moram nas regi\u00f5es abrangidas pelo estudo podem obter mais informa\u00e7\u00f5es da a\u00e7\u00e3o em www.treslagoas.ms.gov.br\/servico\/encoleiracao.<\/p>\n","protected":false},"excerpt":{"rendered":"<p>A Prefeitura de Tr\u00eas Lagoas, por meio da Secretaria Municipal de Sa\u00fade (SMS) em parceria com a Secretaria de Estado de Sa\u00fade (SED) e Minist\u00e9rio da Sa\u00fade, iniciou nesta segunda-feira (15) o Encoleira C\u00e3o, a\u00e7\u00e3o que acontece nos bairros Santa J\u00falia, Vila Alegre e Santa Rita e visa integrar um estudo avaliar\u00e1 a efetividade das [&hellip;]<\/p>\n","protected":false},"author":2,"featured_media":11164,"comment_status":"open","ping_status":"open","sticky":false,"template":"","format":"standard","meta":{"om_disable_all_campaigns":false,"_monsterinsights_skip_tracking":false,"_monsterinsights_sitenote_active":false,"_monsterinsights_sitenote_note":"","_monsterinsights_sitenote_category":0,"footnotes":""},"categories":[36,44,48],"tags":[],"aioseo_notices":[],"_links":{"self":[{"href":"https:\/\/expressaoms.com.br\/index.php\/wp-json\/wp\/v2\/posts\/11163"}],"collection":[{"href":"https:\/\/expressaoms.com.br\/index.php\/wp-json\/wp\/v2\/posts"}],"about":[{"href":"https:\/\/expressaoms.com.br\/index.php\/wp-json\/wp\/v2\/types\/post"}],"author":[{"embeddable":true,"href":"https:\/\/expressaoms.com.br\/index.php\/wp-json\/wp\/v2\/users\/2"}],"replies":[{"embeddable":true,"href":"https:\/\/expressaoms.com.br\/index.php\/wp-json\/wp\/v2\/comments?post=11163"}],"version-history":[{"count":1,"href":"https:\/\/expressaoms.com.br\/index.php\/wp-json\/wp\/v2\/posts\/11163\/revisions"}],"predecessor-version":[{"id":11165,"href":"https:\/\/expressaoms.com.br\/index.php\/wp-json\/wp\/v2\/posts\/11163\/revisions\/11165"}],"wp:featuredmedia":[{"embeddable":true,"href":"https:\/\/expressaoms.com.br\/index.php\/wp-json\/wp\/v2\/media\/11164"}],"wp:attachment":[{"href":"https:\/\/expressaoms.com.br\/index.php\/wp-json\/wp\/v2\/media?parent=11163"}],"wp:term":[{"taxonomy":"category","embeddable":true,"href":"https:\/\/expressaoms.com.br\/index.php\/wp-json\/wp\/v2\/categories?post=11163"},{"taxonomy":"post_tag","embeddable":true,"href":"https:\/\/expressaoms.com.br\/index.php\/wp-json\/wp\/v2\/tags?post=11163"}],"curies":[{"name":"wp","href":"https:\/\/api.w.org\/{rel}","templated":true}]}}