{"id":11175,"date":"2022-08-15T16:49:50","date_gmt":"2022-08-15T19:49:50","guid":{"rendered":"https:\/\/expressaoms.com.br\/?p=11175"},"modified":"2022-08-15T16:49:50","modified_gmt":"2022-08-15T19:49:50","slug":"educacao-de-brasilandia-orienta-sobre-bncc-e-curriculo-de-referencia-de-mato-grosso-do-sul","status":"publish","type":"post","link":"https:\/\/expressaoms.com.br\/index.php\/2022\/08\/15\/educacao-de-brasilandia-orienta-sobre-bncc-e-curriculo-de-referencia-de-mato-grosso-do-sul\/","title":{"rendered":"Educa\u00e7\u00e3o de Brasil\u00e2ndia orienta sobre BNCC e Curr\u00edculo de Refer\u00eancia de Mato Grosso do Sul"},"content":{"rendered":"<p>O Munic\u00edpio de Brasil\u00e2ndia promoveu na \u00faltima sexta-feira e s\u00e1bado (12 e 13), na sede da Escola Municipal Arthur Hoffig, a Forma\u00e7\u00e3o Continuada sobre a Base Nacional Comum Curricular\u00a0(BNCC)\u00a0e Curr\u00edculo de Refer\u00eancia de Mato Grosso do Sul. O prefeito Dr. Antonio Thiago junto com o secret\u00e1rio municipal de Educa\u00e7\u00e3o, Francisco Lins e a Coordenadora Pedag\u00f3gica, Cristina Dame\u00e3o estiveram na abertura da forma\u00e7\u00e3o.<\/p>\n<p>Esse encontro tamb\u00e9m fez parte de uma das a\u00e7\u00f5es do Projeto Pela Primeira Inf\u00e2ncia e foi dedicado somente para os trabalhadores em educa\u00e7\u00e3o que est\u00e3o nos Centros Educacionais Infantis de Brasil\u00e2ndia.<\/p>\n<p>A Base estabelece conhecimentos, compet\u00eancias e habilidades que se espera que todos os estudantes desenvolvam ao longo da escolaridade b\u00e1sica.<\/p>\n<p>J\u00e1 o Curr\u00edculo prop\u00f5e uma Educa\u00e7\u00e3o Integral, que reflita tanto na forma\u00e7\u00e3o quanto no desenvolvimento humano global, o que pressup\u00f5e romper com a ideia de um curr\u00edculo que privilegia a dimens\u00e3o cognitiva em detrimento da afetiva.<\/p>\n","protected":false},"excerpt":{"rendered":"<p>O Munic\u00edpio de Brasil\u00e2ndia promoveu na \u00faltima sexta-feira e s\u00e1bado (12 e 13), na sede da Escola Municipal Arthur Hoffig, a Forma\u00e7\u00e3o Continuada sobre a Base Nacional Comum Curricular\u00a0(BNCC)\u00a0e Curr\u00edculo de Refer\u00eancia de Mato Grosso do Sul. O prefeito Dr. Antonio Thiago junto com o secret\u00e1rio municipal de Educa\u00e7\u00e3o, Francisco Lins e a Coordenadora Pedag\u00f3gica, [&hellip;]<\/p>\n","protected":false},"author":2,"featured_media":11176,"comment_status":"open","ping_status":"open","sticky":false,"template":"","format":"standard","meta":{"om_disable_all_campaigns":false,"_monsterinsights_skip_tracking":false,"_monsterinsights_sitenote_active":false,"_monsterinsights_sitenote_note":"","_monsterinsights_sitenote_category":0,"footnotes":""},"categories":[26,193],"tags":[],"aioseo_notices":[],"_links":{"self":[{"href":"https:\/\/expressaoms.com.br\/index.php\/wp-json\/wp\/v2\/posts\/11175"}],"collection":[{"href":"https:\/\/expressaoms.com.br\/index.php\/wp-json\/wp\/v2\/posts"}],"about":[{"href":"https:\/\/expressaoms.com.br\/index.php\/wp-json\/wp\/v2\/types\/post"}],"author":[{"embeddable":true,"href":"https:\/\/expressaoms.com.br\/index.php\/wp-json\/wp\/v2\/users\/2"}],"replies":[{"embeddable":true,"href":"https:\/\/expressaoms.com.br\/index.php\/wp-json\/wp\/v2\/comments?post=11175"}],"version-history":[{"count":1,"href":"https:\/\/expressaoms.com.br\/index.php\/wp-json\/wp\/v2\/posts\/11175\/revisions"}],"predecessor-version":[{"id":11177,"href":"https:\/\/expressaoms.com.br\/index.php\/wp-json\/wp\/v2\/posts\/11175\/revisions\/11177"}],"wp:featuredmedia":[{"embeddable":true,"href":"https:\/\/expressaoms.com.br\/index.php\/wp-json\/wp\/v2\/media\/11176"}],"wp:attachment":[{"href":"https:\/\/expressaoms.com.br\/index.php\/wp-json\/wp\/v2\/media?parent=11175"}],"wp:term":[{"taxonomy":"category","embeddable":true,"href":"https:\/\/expressaoms.com.br\/index.php\/wp-json\/wp\/v2\/categories?post=11175"},{"taxonomy":"post_tag","embeddable":true,"href":"https:\/\/expressaoms.com.br\/index.php\/wp-json\/wp\/v2\/tags?post=11175"}],"curies":[{"name":"wp","href":"https:\/\/api.w.org\/{rel}","templated":true}]}}