{"id":11178,"date":"2022-08-15T16:51:08","date_gmt":"2022-08-15T19:51:08","guid":{"rendered":"https:\/\/expressaoms.com.br\/?p=11178"},"modified":"2022-08-15T16:51:08","modified_gmt":"2022-08-15T19:51:08","slug":"alunos-de-escola-rural-de-selviria-tem-disciplina-que-incentiva-a-permanencia-do-jovem-no-campo","status":"publish","type":"post","link":"https:\/\/expressaoms.com.br\/index.php\/2022\/08\/15\/alunos-de-escola-rural-de-selviria-tem-disciplina-que-incentiva-a-permanencia-do-jovem-no-campo\/","title":{"rendered":"Alunos de escola rural de Selv\u00edria tem disciplina que incentiva a perman\u00eancia do jovem no campo"},"content":{"rendered":"<p style=\"font-weight: 400;\">Alunos da Escola Municipal Rural S\u00e3o Joaquim-Polo e Extens\u00f5es, que fica na zona rural de Selv\u00edria, tem disciplina que incentiva a perman\u00eancia dos alunos no campo.<\/p>\n<p style=\"font-weight: 400;\">A disciplina Terra Vida e Trabalho, chamada de &#8220;TVT&#8221;, trabalha conte\u00fados ligados ao solo, e tem como objetivo trabalhar a cultura do homem do campo e \u00e9 ministrada para os alunos da educa\u00e7\u00e3o Infantil ao nono ano do ensino Fundamental.<\/p>\n<p style=\"font-weight: 400;\">Tendo como alvo os alunos que s\u00e3o oriundos de assentamentos existentes no Munic\u00edpio, s\u00edtios e fazendas da regi\u00e3o, a disciplina utiliza metodologia e conte\u00fados que s\u00e3o pertinentes ao campo, fortalecendo a rela\u00e7\u00e3o sujeito\/campo, como instrumento de constru\u00e7\u00e3o e valoriza\u00e7\u00e3o do campesinato. \u201cPor ser uma escola rural, a disciplina visa a perman\u00eancia do sujeito (o aluno) na terra\u201d, explicou Lucas Cabe\u00e7oni dos Santos, que ministra a disciplina para os alunos da referida Escola.<\/p>\n<p style=\"font-weight: 400;\">Durante as aulas, os alunos literalmente colocam a m\u00e3o na terra. Eles participam de todo o processo de produ\u00e7\u00e3o de hortali\u00e7as, participando desde o preparo da terra para o plantio, produ\u00e7\u00e3o de mudas, acompanhamento do crescimento e a colheita. \u201cToda a produ\u00e7\u00e3o \u00e9 org\u00e2nica e voltada para a alimenta\u00e7\u00e3o escolar, e parte da produ\u00e7\u00e3o \u00e9 destinada em doa\u00e7\u00f5es para as crian\u00e7as carentes da escola e entidades do Munic\u00edpio\u201d, disse Santos.<\/p>\n<p style=\"font-weight: 400;\">A disciplina vem sendo ministrada desde 2016 e, embora apresente resultados positivos, Lucas acredita que \u00e9 preciso avan\u00e7ar. \u201cPrecisamos pensar na contribui\u00e7\u00e3o da disciplina na percep\u00e7\u00e3o da quest\u00e3o agr\u00e1ria no Brasil, no Mato Grosso do Sul e no Munic\u00edpio de Selv\u00edria. N\u00e3o podemos nos limitar ao plantio da horta, mas valorizar o trabalho do homem e da mulher do campo, seus valores e seus saberes\u201d, afirmou Santos.<\/p>\n<p>&nbsp;<\/p>\n","protected":false},"excerpt":{"rendered":"<p>Alunos da Escola Municipal Rural S\u00e3o Joaquim-Polo e Extens\u00f5es, que fica na zona rural de Selv\u00edria, tem disciplina que incentiva a perman\u00eancia dos alunos no campo. A disciplina Terra Vida e Trabalho, chamada de &#8220;TVT&#8221;, trabalha conte\u00fados ligados ao solo, e tem como objetivo trabalhar a cultura do homem do campo e \u00e9 ministrada para [&hellip;]<\/p>\n","protected":false},"author":2,"featured_media":11179,"comment_status":"open","ping_status":"open","sticky":false,"template":"","format":"standard","meta":{"om_disable_all_campaigns":false,"_monsterinsights_skip_tracking":false,"_monsterinsights_sitenote_active":false,"_monsterinsights_sitenote_note":"","_monsterinsights_sitenote_category":0,"footnotes":""},"categories":[193,45],"tags":[],"aioseo_notices":[],"_links":{"self":[{"href":"https:\/\/expressaoms.com.br\/index.php\/wp-json\/wp\/v2\/posts\/11178"}],"collection":[{"href":"https:\/\/expressaoms.com.br\/index.php\/wp-json\/wp\/v2\/posts"}],"about":[{"href":"https:\/\/expressaoms.com.br\/index.php\/wp-json\/wp\/v2\/types\/post"}],"author":[{"embeddable":true,"href":"https:\/\/expressaoms.com.br\/index.php\/wp-json\/wp\/v2\/users\/2"}],"replies":[{"embeddable":true,"href":"https:\/\/expressaoms.com.br\/index.php\/wp-json\/wp\/v2\/comments?post=11178"}],"version-history":[{"count":1,"href":"https:\/\/expressaoms.com.br\/index.php\/wp-json\/wp\/v2\/posts\/11178\/revisions"}],"predecessor-version":[{"id":11180,"href":"https:\/\/expressaoms.com.br\/index.php\/wp-json\/wp\/v2\/posts\/11178\/revisions\/11180"}],"wp:featuredmedia":[{"embeddable":true,"href":"https:\/\/expressaoms.com.br\/index.php\/wp-json\/wp\/v2\/media\/11179"}],"wp:attachment":[{"href":"https:\/\/expressaoms.com.br\/index.php\/wp-json\/wp\/v2\/media?parent=11178"}],"wp:term":[{"taxonomy":"category","embeddable":true,"href":"https:\/\/expressaoms.com.br\/index.php\/wp-json\/wp\/v2\/categories?post=11178"},{"taxonomy":"post_tag","embeddable":true,"href":"https:\/\/expressaoms.com.br\/index.php\/wp-json\/wp\/v2\/tags?post=11178"}],"curies":[{"name":"wp","href":"https:\/\/api.w.org\/{rel}","templated":true}]}}