{"id":1120,"date":"2021-10-14T12:34:56","date_gmt":"2021-10-14T15:34:56","guid":{"rendered":"https:\/\/expressaoms.com.br\/?p=1120"},"modified":"2021-10-14T12:34:56","modified_gmt":"2021-10-14T15:34:56","slug":"prefeito-e-secretario-visitam-balneario-para-avaliarem-possibilidade-de-reabertura-apos-estragos-causados-por-vendaval","status":"publish","type":"post","link":"https:\/\/expressaoms.com.br\/index.php\/2021\/10\/14\/prefeito-e-secretario-visitam-balneario-para-avaliarem-possibilidade-de-reabertura-apos-estragos-causados-por-vendaval\/","title":{"rendered":"Prefeito e secret\u00e1rio visitam Balne\u00e1rio para avaliarem possibilidade de reabertura ap\u00f3s estragos causados por vendaval"},"content":{"rendered":"<p>O prefeito de Tr\u00eas Lagoas, Angelo Guerreiro, visitou o Balne\u00e1rio Municipal juntamente do secret\u00e1rio de Desenvolvimento Econ\u00f4mico, Ci\u00eancia e Tecnologia, Toniel Fernandes, para avaliar os danos, bem como os reparos que est\u00e3o sendo feitos ap\u00f3s forte chuva com vento e granizo que ocorreu no final da tarde de s\u00e1bado (09).<\/p>\n<p>Na visita, Angelo tomou conhecimento da queda de uma \u00e1rvore (Eucalipto) que danificou as caixas de tratamento de esgoto dos banheiros e pias dos quiosques interrompendo o servi\u00e7o de tratamento sanit\u00e1rio do local.<\/p>\n<p>\u201cEu e o secret\u00e1rio de Desenvolvimento estamos aqui prestando contas \u00e0 popula\u00e7\u00e3o e estudando alternativas para que n\u00e3o sejam interrompidas as visitas ao Balne\u00e1rio Municipal\u201d, disse Guerreiro.<\/p>\n<p><img fetchpriority=\"high\" decoding=\"async\" class=\"alignnone size-medium wp-image-1121\" src=\"https:\/\/expressaoms.com.br\/wp-content\/uploads\/2021\/10\/Reparos-no-Balneario-apos-Vendaval-4-613x460.jpeg\" alt=\"\" width=\"613\" height=\"460\" \/><\/p>\n<p>A forte chuva arrancou tamb\u00e9m as telhas e danificou a fachada da recep\u00e7\u00e3o. A queda de algumas \u00e1rvores rompeu, inclusive, o cabo de energia de alta tens\u00e3o deixando o recinto e resid\u00eancias pr\u00f3ximas sem fornecimento de energia no dia do vend\u00e1vel.<\/p>\n<p>Ainda n\u00e3o h\u00e1 previs\u00e3o quando ser\u00e1 poss\u00edvel o Balne\u00e1rio Municipal voltar a receber visitantes. No entanto, assim que os reparos forem realizados e a Secretaria Municipal de Desenvolvimento Econ\u00f4mico, Ci\u00eancia e Tecnologia (SEDECT), juntamente do prefeito Angelo Guerreiro, entenderem que \u00e9 seguro, ser\u00e1 anunciado o retorno das atividades por meio da imprensa e redes sociais oficiais do Munic\u00edpio.<\/p>\n<p>&nbsp;<\/p>\n<pre>Fonte: PMTL<\/pre>\n","protected":false},"excerpt":{"rendered":"<p>O prefeito de Tr\u00eas Lagoas, Angelo Guerreiro, visitou o Balne\u00e1rio Municipal juntamente do secret\u00e1rio de Desenvolvimento Econ\u00f4mico, Ci\u00eancia e Tecnologia, Toniel Fernandes, para avaliar os danos, bem como os reparos que est\u00e3o sendo feitos ap\u00f3s forte chuva com vento e granizo que ocorreu no final da tarde de s\u00e1bado (09). Na visita, Angelo tomou conhecimento [&hellip;]<\/p>\n","protected":false},"author":3,"featured_media":1122,"comment_status":"open","ping_status":"open","sticky":false,"template":"","format":"standard","meta":{"om_disable_all_campaigns":false,"_monsterinsights_skip_tracking":false,"_monsterinsights_sitenote_active":false,"_monsterinsights_sitenote_note":"","_monsterinsights_sitenote_category":0,"footnotes":""},"categories":[36,48],"tags":[],"aioseo_notices":[],"_links":{"self":[{"href":"https:\/\/expressaoms.com.br\/index.php\/wp-json\/wp\/v2\/posts\/1120"}],"collection":[{"href":"https:\/\/expressaoms.com.br\/index.php\/wp-json\/wp\/v2\/posts"}],"about":[{"href":"https:\/\/expressaoms.com.br\/index.php\/wp-json\/wp\/v2\/types\/post"}],"author":[{"embeddable":true,"href":"https:\/\/expressaoms.com.br\/index.php\/wp-json\/wp\/v2\/users\/3"}],"replies":[{"embeddable":true,"href":"https:\/\/expressaoms.com.br\/index.php\/wp-json\/wp\/v2\/comments?post=1120"}],"version-history":[{"count":0,"href":"https:\/\/expressaoms.com.br\/index.php\/wp-json\/wp\/v2\/posts\/1120\/revisions"}],"wp:featuredmedia":[{"embeddable":true,"href":"https:\/\/expressaoms.com.br\/index.php\/wp-json\/"}],"wp:attachment":[{"href":"https:\/\/expressaoms.com.br\/index.php\/wp-json\/wp\/v2\/media?parent=1120"}],"wp:term":[{"taxonomy":"category","embeddable":true,"href":"https:\/\/expressaoms.com.br\/index.php\/wp-json\/wp\/v2\/categories?post=1120"},{"taxonomy":"post_tag","embeddable":true,"href":"https:\/\/expressaoms.com.br\/index.php\/wp-json\/wp\/v2\/tags?post=1120"}],"curies":[{"name":"wp","href":"https:\/\/api.w.org\/{rel}","templated":true}]}}