{"id":11511,"date":"2022-08-24T08:22:26","date_gmt":"2022-08-24T11:22:26","guid":{"rendered":"https:\/\/expressaoms.com.br\/?p=11511"},"modified":"2022-08-24T08:22:26","modified_gmt":"2022-08-24T11:22:26","slug":"semec-realiza-distribuicao-de-fraldas-para-atender-os-ceis-de-tres-lagoas","status":"publish","type":"post","link":"https:\/\/expressaoms.com.br\/index.php\/2022\/08\/24\/semec-realiza-distribuicao-de-fraldas-para-atender-os-ceis-de-tres-lagoas\/","title":{"rendered":"SEMEC realiza distribui\u00e7\u00e3o de fraldas para atender os CEIs de Tr\u00eas Lagoas"},"content":{"rendered":"<p data-raofz=\"16\">A Secretaria Municipal de Educa\u00e7\u00e3o e Cultura (SEMEC) realizou nesta ter\u00e7a-feira (23) a distribui\u00e7\u00e3o de um carregamento de fraldas que o munic\u00edpio recebeu para atender \u00e0s necessidades das crian\u00e7as que frequentam os Centros de Educa\u00e7\u00e3o Infantil (CEI).<\/p>\n<p data-raofz=\"16\">Com o entendimento de que muitas fam\u00edlias ainda passam por dificuldades financeiras, devido \u00e0 pandemia da Covid-19, \u00e9 que a SEMEC ampliou a aquisi\u00e7\u00e3o de fraldas para poder atender a demanda que aumentou no \u00faltimo ano.<\/p>\n<p data-raofz=\"16\">As fraldas foram adquiridas ser\u00e3o distribu\u00eddas nas unidades conforme a demanda, com o objetivo de atender aquelas fam\u00edlias que passam por dificuldades financeiras e n\u00e3o tem condi\u00e7\u00f5es de comprar o item de higiene pessoal.<\/p>\n","protected":false},"excerpt":{"rendered":"<p>A Secretaria Municipal de Educa\u00e7\u00e3o e Cultura (SEMEC) realizou nesta ter\u00e7a-feira (23) a distribui\u00e7\u00e3o de um carregamento de fraldas que o munic\u00edpio recebeu para atender \u00e0s necessidades das crian\u00e7as que frequentam os Centros de Educa\u00e7\u00e3o Infantil (CEI). Com o entendimento de que muitas fam\u00edlias ainda passam por dificuldades financeiras, devido \u00e0 pandemia da Covid-19, \u00e9 [&hellip;]<\/p>\n","protected":false},"author":2,"featured_media":11512,"comment_status":"open","ping_status":"open","sticky":false,"template":"","format":"standard","meta":{"om_disable_all_campaigns":false,"_monsterinsights_skip_tracking":false,"_monsterinsights_sitenote_active":false,"_monsterinsights_sitenote_note":"","_monsterinsights_sitenote_category":0,"footnotes":""},"categories":[36,48],"tags":[],"aioseo_notices":[],"_links":{"self":[{"href":"https:\/\/expressaoms.com.br\/index.php\/wp-json\/wp\/v2\/posts\/11511"}],"collection":[{"href":"https:\/\/expressaoms.com.br\/index.php\/wp-json\/wp\/v2\/posts"}],"about":[{"href":"https:\/\/expressaoms.com.br\/index.php\/wp-json\/wp\/v2\/types\/post"}],"author":[{"embeddable":true,"href":"https:\/\/expressaoms.com.br\/index.php\/wp-json\/wp\/v2\/users\/2"}],"replies":[{"embeddable":true,"href":"https:\/\/expressaoms.com.br\/index.php\/wp-json\/wp\/v2\/comments?post=11511"}],"version-history":[{"count":1,"href":"https:\/\/expressaoms.com.br\/index.php\/wp-json\/wp\/v2\/posts\/11511\/revisions"}],"predecessor-version":[{"id":11513,"href":"https:\/\/expressaoms.com.br\/index.php\/wp-json\/wp\/v2\/posts\/11511\/revisions\/11513"}],"wp:featuredmedia":[{"embeddable":true,"href":"https:\/\/expressaoms.com.br\/index.php\/wp-json\/wp\/v2\/media\/11512"}],"wp:attachment":[{"href":"https:\/\/expressaoms.com.br\/index.php\/wp-json\/wp\/v2\/media?parent=11511"}],"wp:term":[{"taxonomy":"category","embeddable":true,"href":"https:\/\/expressaoms.com.br\/index.php\/wp-json\/wp\/v2\/categories?post=11511"},{"taxonomy":"post_tag","embeddable":true,"href":"https:\/\/expressaoms.com.br\/index.php\/wp-json\/wp\/v2\/tags?post=11511"}],"curies":[{"name":"wp","href":"https:\/\/api.w.org\/{rel}","templated":true}]}}