{"id":11551,"date":"2022-08-24T13:02:08","date_gmt":"2022-08-24T16:02:08","guid":{"rendered":"https:\/\/expressaoms.com.br\/?p=11551"},"modified":"2022-08-24T13:02:08","modified_gmt":"2022-08-24T16:02:08","slug":"mais-de-27-toneladas-de-maconha-e-skunk-sao-apreendidos-e-quadrilha-e-presa-em-campo-grande","status":"publish","type":"post","link":"https:\/\/expressaoms.com.br\/index.php\/2022\/08\/24\/mais-de-27-toneladas-de-maconha-e-skunk-sao-apreendidos-e-quadrilha-e-presa-em-campo-grande\/","title":{"rendered":"Mais de 2,7 toneladas de maconha e skunk s\u00e3o apreendidos e quadrilha \u00e9 presa em Campo Grande"},"content":{"rendered":"<p>Policiais rodovi\u00e1rios federais apreenderam 2,7 toneladas de maconha e 89 Kg de skunk e prenderam quadrilha envolvida no crime de tr\u00e1fico de drogas, nesta ter\u00e7a-feira (23), em Campo Grande (MS).<\/p>\n<p>A equipe policial avistou o ve\u00edculo Renault Duster saindo da rodovia MS-040 e adentrando na BR-163, km 470, em alta velocidade, seguido do ve\u00edculo GM Monza. Contudo, o condutor do Monza, ao notar a viatura policial, efetuou manobra de retorno. Os agentes, ent\u00e3o, deram ordem de parada ao ve\u00edculo Duster, que n\u00e3o obedeceu a ordem e empreendeu fuga.<\/p>\n<p>Foi iniciado o acompanhamento t\u00e1tico do ve\u00edculo at\u00e9 o per\u00edmetro urbano, onde o suspeito entrou em uma rua sem sa\u00edda, deixou o ve\u00edculo e fugiu a p\u00e9 em meio \u00e0 vegeta\u00e7\u00e3o, n\u00e3o sendo poss\u00edvel a captura dele.<\/p>\n<p><img fetchpriority=\"high\" decoding=\"async\" class=\"alignnone size-full wp-image-11553\" src=\"https:\/\/expressaoms.com.br\/wp-content\/uploads\/2022\/08\/EF6D3E43C2E545A1B8CE53AE9BA5F46E.jpeg\" alt=\"\" width=\"1600\" height=\"900\" srcset=\"https:\/\/expressaoms.com.br\/wp-content\/uploads\/2022\/08\/EF6D3E43C2E545A1B8CE53AE9BA5F46E.jpeg 1600w, https:\/\/expressaoms.com.br\/wp-content\/uploads\/2022\/08\/EF6D3E43C2E545A1B8CE53AE9BA5F46E-600x338.jpeg 600w, https:\/\/expressaoms.com.br\/wp-content\/uploads\/2022\/08\/EF6D3E43C2E545A1B8CE53AE9BA5F46E-300x169.jpeg 300w, https:\/\/expressaoms.com.br\/wp-content\/uploads\/2022\/08\/EF6D3E43C2E545A1B8CE53AE9BA5F46E-1024x576.jpeg 1024w, https:\/\/expressaoms.com.br\/wp-content\/uploads\/2022\/08\/EF6D3E43C2E545A1B8CE53AE9BA5F46E-768x432.jpeg 768w, https:\/\/expressaoms.com.br\/wp-content\/uploads\/2022\/08\/EF6D3E43C2E545A1B8CE53AE9BA5F46E-1536x864.jpeg 1536w\" sizes=\"(max-width: 1600px) 100vw, 1600px\" \/><\/p>\n<p>No interior do ve\u00edculo, foi encontrada uma grande quantidade de maconha e um r\u00e1dio comunicador. As placas do ve\u00edculo, tamb\u00e9m foi verificado serem falsas.<\/p>\n<p>Com o aux\u00edlio de outras equipes da PRF e da Pol\u00edcia Militar, foi localizado, em uma estrada vicinal pr\u00f3xima da rotat\u00f3ria da MS-040 e BR-163, o ve\u00edculo Monza e o condutor dele, um homem de 20 anos. No ve\u00edculo, tamb\u00e9m foram localizados tabletes de maconha. O suspeito disse que havia outros ve\u00edculos juntos na atividade criminosa, alguns levando droga e outros atuando como \u201cbatedores\u201d da carga.<\/p>\n<p>Seguindo \u00e0s dilig\u00eancias, os policiais rodovi\u00e1rios federais abordaram o ve\u00edculo Hyundai Tucson, conduzido por um homem de 38 anos, acompanhado de mais dois, de 30 e 48 anos. O condutor confessou que participavam de atividades il\u00edcitas, e que estavam ali para dar apoio para outro envolvido, que seria o condutor de um ve\u00edculo GM Vectra, tamb\u00e9m carregado com droga. Ele disse ainda que realizou o servi\u00e7o de batedor da droga, em outro ve\u00edculo, um VW Gol, utilizando r\u00e1dio de comunica\u00e7\u00e3o e celulares. Segundo ele, a droga teria sido trazida da fronteira at\u00e9 a capital e o ve\u00edculo estaria na casa dele, em um bairro da capital. Os passageiros confirmaram \u00e0 equipe policial a participa\u00e7\u00e3o nos crimes, mas n\u00e3o quiseram prestar mais detalhes.<\/p>\n<p>Diante dos fatos, houve o encaminhamento dos tr\u00eas ve\u00edculos \u00e0 DENAR PC-MS, onde as drogas apreendidas foram pesadas e totalizaram 2.765,2 Kg de maconha e de 89,4 Kg de skunk. J\u00e1 os quatro detidos foram conduzidos autores \u00e0 CEPOL PC-MS para ado\u00e7\u00e3o das provid\u00eancias legais.<\/p>\n","protected":false},"excerpt":{"rendered":"<p>Policiais rodovi\u00e1rios federais apreenderam 2,7 toneladas de maconha e 89 Kg de skunk e prenderam quadrilha envolvida no crime de tr\u00e1fico de drogas, nesta ter\u00e7a-feira (23), em Campo Grande (MS). A equipe policial avistou o ve\u00edculo Renault Duster saindo da rodovia MS-040 e adentrando na BR-163, km 470, em alta velocidade, seguido do ve\u00edculo GM [&hellip;]<\/p>\n","protected":false},"author":3,"featured_media":11552,"comment_status":"open","ping_status":"open","sticky":false,"template":"","format":"standard","meta":{"om_disable_all_campaigns":false,"_monsterinsights_skip_tracking":false,"_monsterinsights_sitenote_active":false,"_monsterinsights_sitenote_note":"","_monsterinsights_sitenote_category":0,"footnotes":""},"categories":[27,36,41],"tags":[],"aioseo_notices":[],"_links":{"self":[{"href":"https:\/\/expressaoms.com.br\/index.php\/wp-json\/wp\/v2\/posts\/11551"}],"collection":[{"href":"https:\/\/expressaoms.com.br\/index.php\/wp-json\/wp\/v2\/posts"}],"about":[{"href":"https:\/\/expressaoms.com.br\/index.php\/wp-json\/wp\/v2\/types\/post"}],"author":[{"embeddable":true,"href":"https:\/\/expressaoms.com.br\/index.php\/wp-json\/wp\/v2\/users\/3"}],"replies":[{"embeddable":true,"href":"https:\/\/expressaoms.com.br\/index.php\/wp-json\/wp\/v2\/comments?post=11551"}],"version-history":[{"count":1,"href":"https:\/\/expressaoms.com.br\/index.php\/wp-json\/wp\/v2\/posts\/11551\/revisions"}],"predecessor-version":[{"id":11554,"href":"https:\/\/expressaoms.com.br\/index.php\/wp-json\/wp\/v2\/posts\/11551\/revisions\/11554"}],"wp:featuredmedia":[{"embeddable":true,"href":"https:\/\/expressaoms.com.br\/index.php\/wp-json\/wp\/v2\/media\/11552"}],"wp:attachment":[{"href":"https:\/\/expressaoms.com.br\/index.php\/wp-json\/wp\/v2\/media?parent=11551"}],"wp:term":[{"taxonomy":"category","embeddable":true,"href":"https:\/\/expressaoms.com.br\/index.php\/wp-json\/wp\/v2\/categories?post=11551"},{"taxonomy":"post_tag","embeddable":true,"href":"https:\/\/expressaoms.com.br\/index.php\/wp-json\/wp\/v2\/tags?post=11551"}],"curies":[{"name":"wp","href":"https:\/\/api.w.org\/{rel}","templated":true}]}}