{"id":11565,"date":"2022-08-24T16:21:51","date_gmt":"2022-08-24T19:21:51","guid":{"rendered":"https:\/\/expressaoms.com.br\/?p=11565"},"modified":"2022-08-24T16:21:51","modified_gmt":"2022-08-24T19:21:51","slug":"carreta-da-justica-estara-em-selviria-na-proxima-semana","status":"publish","type":"post","link":"https:\/\/expressaoms.com.br\/index.php\/2022\/08\/24\/carreta-da-justica-estara-em-selviria-na-proxima-semana\/","title":{"rendered":"Carreta da Justi\u00e7a estar\u00e1 em Selv\u00edria na pr\u00f3xima semana"},"content":{"rendered":"<p style=\"font-weight: 400;\">Nos dias 29 e 30 de agosto, a Carreta da Justi\u00e7a estar\u00e1 em Selv\u00edria, realizando diversos tipos de atendimentos gratuitos. Essa a\u00e7\u00e3o faz parte do Programa Judici\u00e1rio em Movimento, do Tribunal de Justi\u00e7a de Mato Grosso do Sul, em levar atendimento \u00e0s pessoas que residem em cidades que n\u00e3o s\u00e3o Comarcas.<\/p>\n<p style=\"font-weight: 400;\">A carreta tem uma estrutura semelhante \u00e0 de um pequeno f\u00f3rum, com gabinete para o juiz, sala da Defensoria P\u00fablica e Minist\u00e9rio P\u00fablico, recep\u00e7\u00e3o, espa\u00e7o para advogado, copa e banheiros, al\u00e9m de funcion\u00e1rios de apoio e uma varanda para recep\u00e7\u00e3o das pessoas.<\/p>\n<p style=\"font-weight: 400;\">Nela, estar\u00e3o sendo oferecidos os servi\u00e7os de casamento, acordo de div\u00f3rcio, exame de DNA, regula\u00e7\u00e3o de guarda, acordo de pens\u00e3o aliment\u00edcia, reconhecimento de paternidade, cobran\u00e7a e esclarecimento jur\u00eddico.<\/p>\n<p style=\"font-weight: 400;\">Esse atendimento faz parte do Programa Judici\u00e1rio em Movimento, do Tribunal de Justi\u00e7a de Mato Grosso do Sul, em levar atendimento as pessoas que residem em cidades que n\u00e3o s\u00e3o Comarcas.<\/p>\n<p style=\"font-weight: 400;\">Neste m\u00eas, a Carreta da Justi\u00e7a est\u00e1 sob o comando da ju\u00edza Kelly Gaspar Duarte Neves, a primeira mulher a responder pelos trabalhos neste ano. \u201c\u00c9 uma oportunidade preciosa de estar mais perto daquele que espera da magistratura uma justi\u00e7a c\u00e9lere, eficiente e principalmente eficaz. A Carreta da Justi\u00e7a aproxima, mostrando que o Poder Judici\u00e1rio se importa com a popula\u00e7\u00e3o. Esta ser\u00e1 uma experi\u00eancia que n\u00e3o esquecerei t\u00e3o facilmente\u201d, afirmou a magistrada.<\/p>\n<p style=\"font-weight: 400;\">Em Selv\u00edria, a Carreta da Justi\u00e7a ficar\u00e1 estacionada na Avenida Jo\u00e3o Selv\u00edrio de Souza, em frente a Prefeitura, das 9h \u00e0s 12h e das 14h \u00e0s 18h.<\/p>\n<p style=\"font-weight: 400;\">Os atendimentos dever\u00e3o ser pr\u00e9-agendados atrav\u00e9s do telefone (67) 3317-8648, fone\/whats (67) 98462-8249 ou pelo e-mail <a href=\"mailto:jitms@tjms.jus.br\">jitms@tjms.jus.br<\/a>.<\/p>\n","protected":false},"excerpt":{"rendered":"<p>Nos dias 29 e 30 de agosto, a Carreta da Justi\u00e7a estar\u00e1 em Selv\u00edria, realizando diversos tipos de atendimentos gratuitos. Essa a\u00e7\u00e3o faz parte do Programa Judici\u00e1rio em Movimento, do Tribunal de Justi\u00e7a de Mato Grosso do Sul, em levar atendimento \u00e0s pessoas que residem em cidades que n\u00e3o s\u00e3o Comarcas. A carreta tem uma [&hellip;]<\/p>\n","protected":false},"author":2,"featured_media":11566,"comment_status":"open","ping_status":"open","sticky":false,"template":"","format":"standard","meta":{"om_disable_all_campaigns":false,"_monsterinsights_skip_tracking":false,"_monsterinsights_sitenote_active":false,"_monsterinsights_sitenote_note":"","_monsterinsights_sitenote_category":0,"footnotes":""},"categories":[193,45],"tags":[],"aioseo_notices":[],"_links":{"self":[{"href":"https:\/\/expressaoms.com.br\/index.php\/wp-json\/wp\/v2\/posts\/11565"}],"collection":[{"href":"https:\/\/expressaoms.com.br\/index.php\/wp-json\/wp\/v2\/posts"}],"about":[{"href":"https:\/\/expressaoms.com.br\/index.php\/wp-json\/wp\/v2\/types\/post"}],"author":[{"embeddable":true,"href":"https:\/\/expressaoms.com.br\/index.php\/wp-json\/wp\/v2\/users\/2"}],"replies":[{"embeddable":true,"href":"https:\/\/expressaoms.com.br\/index.php\/wp-json\/wp\/v2\/comments?post=11565"}],"version-history":[{"count":1,"href":"https:\/\/expressaoms.com.br\/index.php\/wp-json\/wp\/v2\/posts\/11565\/revisions"}],"predecessor-version":[{"id":11567,"href":"https:\/\/expressaoms.com.br\/index.php\/wp-json\/wp\/v2\/posts\/11565\/revisions\/11567"}],"wp:featuredmedia":[{"embeddable":true,"href":"https:\/\/expressaoms.com.br\/index.php\/wp-json\/wp\/v2\/media\/11566"}],"wp:attachment":[{"href":"https:\/\/expressaoms.com.br\/index.php\/wp-json\/wp\/v2\/media?parent=11565"}],"wp:term":[{"taxonomy":"category","embeddable":true,"href":"https:\/\/expressaoms.com.br\/index.php\/wp-json\/wp\/v2\/categories?post=11565"},{"taxonomy":"post_tag","embeddable":true,"href":"https:\/\/expressaoms.com.br\/index.php\/wp-json\/wp\/v2\/tags?post=11565"}],"curies":[{"name":"wp","href":"https:\/\/api.w.org\/{rel}","templated":true}]}}