{"id":11573,"date":"2022-08-24T16:31:46","date_gmt":"2022-08-24T19:31:46","guid":{"rendered":"https:\/\/expressaoms.com.br\/?p=11573"},"modified":"2022-08-24T16:31:46","modified_gmt":"2022-08-24T19:31:46","slug":"presidente-bolsonaro-agradece-o-apoio-dos-candidatos-sul-mato-grossenses-que-fortalecem-sua-campanha-a-reeleicao","status":"publish","type":"post","link":"https:\/\/expressaoms.com.br\/index.php\/2022\/08\/24\/presidente-bolsonaro-agradece-o-apoio-dos-candidatos-sul-mato-grossenses-que-fortalecem-sua-campanha-a-reeleicao\/","title":{"rendered":"Presidente Bolsonaro agradece o apoio dos candidatos sul-mato-grossenses que fortalecem sua campanha \u00e0 reelei\u00e7\u00e3o"},"content":{"rendered":"<p>O presidente da rep\u00fablica Jair Bolsonaro mandou um v\u00eddeo para os sul-mato-grossenses agradecendo o apoio dos candidatos que est\u00e3o apoiando sua reelei\u00e7\u00e3o e divulgando sua imagem nos materiais de campanha. O recado repercute diretamente ao apoio que o Capit\u00e3o Contar, l\u00edder bolsonarista no estado, j\u00e1 vem realizando desde 2018. O candidato ao Governo do Estado faz quest\u00e3o de demonstrar seu apoio em todos os materiais de campanha, bem como na defesa de bandeiras, valores e princ\u00edpios que tamb\u00e9m s\u00e3o defendidos pelo Presidente.<\/p>\n<p>No v\u00eddeo que circula entre os grupos do whatsapp, Bolsonaro declarou apoio a candidata ao senado Tereza Cristina e agradeceu o carinho e apoio dos demais candidatos: &#8220;Para os demais candidatos de outros partidos, que n\u00e3o s\u00e3o do meu partido PL, caso desejem fazer material comigo eu ficarei muito honrado e feliz com isso. Voc\u00eas estariam me ajudando bastante e obviamente isso tamb\u00e9m vai ajudar voc\u00eas. Assim sendo voc\u00eas est\u00e3o autorizados a fazer material comigo&#8221;, citou o presidente Jair Bolsonaro.<\/p>\n<p>Capit\u00e3o Contar disse que j\u00e1 havia recebido mensagem do Presidente, com quem tem contato desde 2017, quando o ent\u00e3o deputado Bolsonaro o incentivou a disputar as elei\u00e7\u00f5es de 2018: &#8220;Eu quero que todos os candidatos do Brasil colem adesivos com nosso presidente Bolsonaro. Nosso presidente \u00e9 a mola propulsora que nosso pa\u00eds tanto precisa e vou continuar levando o nome do nosso presidente a cada reuni\u00e3o, adesiva\u00e7o, visita, que fizemos em Mato Grosso do Sul&#8221;.<\/p>\n","protected":false},"excerpt":{"rendered":"<p>O presidente da rep\u00fablica Jair Bolsonaro mandou um v\u00eddeo para os sul-mato-grossenses agradecendo o apoio dos candidatos que est\u00e3o apoiando sua reelei\u00e7\u00e3o e divulgando sua imagem nos materiais de campanha. O recado repercute diretamente ao apoio que o Capit\u00e3o Contar, l\u00edder bolsonarista no estado, j\u00e1 vem realizando desde 2018. O candidato ao Governo do Estado [&hellip;]<\/p>\n","protected":false},"author":3,"featured_media":11574,"comment_status":"open","ping_status":"open","sticky":false,"template":"","format":"standard","meta":{"om_disable_all_campaigns":false,"_monsterinsights_skip_tracking":false,"_monsterinsights_sitenote_active":false,"_monsterinsights_sitenote_note":"","_monsterinsights_sitenote_category":0,"footnotes":""},"categories":[196,266,42],"tags":[],"aioseo_notices":[],"_links":{"self":[{"href":"https:\/\/expressaoms.com.br\/index.php\/wp-json\/wp\/v2\/posts\/11573"}],"collection":[{"href":"https:\/\/expressaoms.com.br\/index.php\/wp-json\/wp\/v2\/posts"}],"about":[{"href":"https:\/\/expressaoms.com.br\/index.php\/wp-json\/wp\/v2\/types\/post"}],"author":[{"embeddable":true,"href":"https:\/\/expressaoms.com.br\/index.php\/wp-json\/wp\/v2\/users\/3"}],"replies":[{"embeddable":true,"href":"https:\/\/expressaoms.com.br\/index.php\/wp-json\/wp\/v2\/comments?post=11573"}],"version-history":[{"count":1,"href":"https:\/\/expressaoms.com.br\/index.php\/wp-json\/wp\/v2\/posts\/11573\/revisions"}],"predecessor-version":[{"id":11575,"href":"https:\/\/expressaoms.com.br\/index.php\/wp-json\/wp\/v2\/posts\/11573\/revisions\/11575"}],"wp:featuredmedia":[{"embeddable":true,"href":"https:\/\/expressaoms.com.br\/index.php\/wp-json\/wp\/v2\/media\/11574"}],"wp:attachment":[{"href":"https:\/\/expressaoms.com.br\/index.php\/wp-json\/wp\/v2\/media?parent=11573"}],"wp:term":[{"taxonomy":"category","embeddable":true,"href":"https:\/\/expressaoms.com.br\/index.php\/wp-json\/wp\/v2\/categories?post=11573"},{"taxonomy":"post_tag","embeddable":true,"href":"https:\/\/expressaoms.com.br\/index.php\/wp-json\/wp\/v2\/tags?post=11573"}],"curies":[{"name":"wp","href":"https:\/\/api.w.org\/{rel}","templated":true}]}}