{"id":11835,"date":"2022-09-02T11:14:26","date_gmt":"2022-09-02T14:14:26","guid":{"rendered":"https:\/\/expressaoms.com.br\/?p=11835"},"modified":"2022-09-02T11:14:26","modified_gmt":"2022-09-02T14:14:26","slug":"prf-apreende-cerca-de-3351-kg-de-maconha-em-agua-clara","status":"publish","type":"post","link":"https:\/\/expressaoms.com.br\/index.php\/2022\/09\/02\/prf-apreende-cerca-de-3351-kg-de-maconha-em-agua-clara\/","title":{"rendered":"PRF apreende cerca de  335,1 kg de maconha em \u00c1gua clara"},"content":{"rendered":"<p>A Pol\u00edcia Rodovi\u00e1ria Federal realizou nesta quinta-feira (1\u00ba), em \u00c1gua Clara, a apreens\u00e3o de aproximadamente 335,1 kg de maconha, que estava num ve\u00edculo GM\/Vectra. Os policiais tamb\u00e9m verificaram que o condutor tinha dois mandados de pris\u00e3o em aberto, al\u00e9m do ve\u00edculo ser clonado.<\/p>\n<p>De acordo com a PTF, os policiais rodovi\u00e1rios federais fiscalizavam na BR-262, quando foi dada ordem de parada ao ve\u00edculo GM\/Vectra. Ao visualizar a viatura, o condutor fez manobra brusca, seguindo em alta velocidade sentido per\u00edmetro urbano. A equipe iniciou acompanhamento t\u00e1tico do referido ve\u00edculo, que seguiu em alta velocidade, fazendo manobras bruscas e perigosas de ultrapassagens, colocando em risco a vida dos demais usu\u00e1rios da via, inclusive ciclistas que transitavam pelo local.<\/p>\n<p>Ato cont\u00ednuo, o condutor abandonou o ve\u00edculo em um terreno baldio \u00e0s margens da rodovia e empreendido fuga, tendo sido alcan\u00e7ado e preso pela equipe ap\u00f3s v\u00e1rias ordens de parada.<\/p>\n<p>O preso, a droga e o ve\u00edculo foram apreendidos e encaminhados para a Pol\u00edcia Civil em \u00c1gua Clara (MS).<\/p>\n","protected":false},"excerpt":{"rendered":"<p>A Pol\u00edcia Rodovi\u00e1ria Federal realizou nesta quinta-feira (1\u00ba), em \u00c1gua Clara, a apreens\u00e3o de aproximadamente 335,1 kg de maconha, que estava num ve\u00edculo GM\/Vectra. Os policiais tamb\u00e9m verificaram que o condutor tinha dois mandados de pris\u00e3o em aberto, al\u00e9m do ve\u00edculo ser clonado. De acordo com a PTF, os policiais rodovi\u00e1rios federais fiscalizavam na BR-262, [&hellip;]<\/p>\n","protected":false},"author":3,"featured_media":11836,"comment_status":"open","ping_status":"open","sticky":false,"template":"","format":"standard","meta":{"om_disable_all_campaigns":false,"_monsterinsights_skip_tracking":false,"_monsterinsights_sitenote_active":false,"_monsterinsights_sitenote_note":"","_monsterinsights_sitenote_category":0,"footnotes":""},"categories":[189,30,41],"tags":[],"aioseo_notices":[],"_links":{"self":[{"href":"https:\/\/expressaoms.com.br\/index.php\/wp-json\/wp\/v2\/posts\/11835"}],"collection":[{"href":"https:\/\/expressaoms.com.br\/index.php\/wp-json\/wp\/v2\/posts"}],"about":[{"href":"https:\/\/expressaoms.com.br\/index.php\/wp-json\/wp\/v2\/types\/post"}],"author":[{"embeddable":true,"href":"https:\/\/expressaoms.com.br\/index.php\/wp-json\/wp\/v2\/users\/3"}],"replies":[{"embeddable":true,"href":"https:\/\/expressaoms.com.br\/index.php\/wp-json\/wp\/v2\/comments?post=11835"}],"version-history":[{"count":1,"href":"https:\/\/expressaoms.com.br\/index.php\/wp-json\/wp\/v2\/posts\/11835\/revisions"}],"predecessor-version":[{"id":11837,"href":"https:\/\/expressaoms.com.br\/index.php\/wp-json\/wp\/v2\/posts\/11835\/revisions\/11837"}],"wp:featuredmedia":[{"embeddable":true,"href":"https:\/\/expressaoms.com.br\/index.php\/wp-json\/wp\/v2\/media\/11836"}],"wp:attachment":[{"href":"https:\/\/expressaoms.com.br\/index.php\/wp-json\/wp\/v2\/media?parent=11835"}],"wp:term":[{"taxonomy":"category","embeddable":true,"href":"https:\/\/expressaoms.com.br\/index.php\/wp-json\/wp\/v2\/categories?post=11835"},{"taxonomy":"post_tag","embeddable":true,"href":"https:\/\/expressaoms.com.br\/index.php\/wp-json\/wp\/v2\/tags?post=11835"}],"curies":[{"name":"wp","href":"https:\/\/api.w.org\/{rel}","templated":true}]}}