{"id":11956,"date":"2022-09-06T17:34:06","date_gmt":"2022-09-06T20:34:06","guid":{"rendered":"https:\/\/expressaoms.com.br\/?p=11956"},"modified":"2022-09-06T17:34:06","modified_gmt":"2022-09-06T20:34:06","slug":"policia-militar-do-estado-homenageia-autoridades-de-tres-lagoas","status":"publish","type":"post","link":"https:\/\/expressaoms.com.br\/index.php\/2022\/09\/06\/policia-militar-do-estado-homenageia-autoridades-de-tres-lagoas\/","title":{"rendered":"Pol\u00edcia Militar do Estado homenageia autoridades de Tr\u00eas Lagoas"},"content":{"rendered":"<p data-raofz=\"16\">O Prefeito de Tr\u00eas Lagoas, Angelo Guerreiro, o Chefe de Gabinete e Secret\u00e1rio interino de Desenvolvimento Econ\u00f4mico Ci\u00eancia e Tecnologia, Jos\u00e9 Aparecido de Moraes, e o ex-Secret\u00e1rio de Governo e Pol\u00edticas P\u00fablicas, ser\u00e3o agraciados com as maiores honrarias da Policia Militar de Mato Grosso do Sul \u2013 PMMS \u2013 durante solenidade que acontece na pr\u00f3xima sexta-feira (9) em Campo Grande.<\/p>\n<p data-raofz=\"16\">\nA institui\u00e7\u00e3o vai homenagear autoridades civis e militares do Estado em reconhecimento aos relevantes servi\u00e7os prestados \u00e0 Pol\u00edcia Militar, \u00e0 seguran\u00e7a p\u00fablica, e ao Estado. A Solenidade acontece em comemora\u00e7\u00e3o aos 187 anos da Pol\u00edcia Militar do Estado do Mato Grosso do Sul.<\/p>\n<p data-raofz=\"16\">\nO Prefeito Angelo Chaves Guerreiro ser\u00e1 agraciado com a Medalha Ins\u00edgnia do M\u00e9rito.<\/p>\n<p data-raofz=\"16\">\nO Tenente-Coronel Jos\u00e9 Aparecido de Moraes, Chefe de Gabinete e Secret\u00e1rio interino de Desenvolvimento Econ\u00f4mico Ci\u00eancia e Tecnologia, ser\u00e1 homenageado com a Medalha do M\u00e9rito, a mais alta comenda da Pol\u00edcia Militar.<br \/>\nO ex-secret\u00e1rio de Governo e Pol\u00edticas P\u00fablicas, Daynler Martins Leonel tamb\u00e9m receber\u00e1 a Medalha Ins\u00edgnia do M\u00e9rito.<\/p>\n<p data-raofz=\"16\">\nCom as homenagens, a Pol\u00edcia Militar faz um reconhecimento \u00e0queles que tenham prestado relevantes servi\u00e7os \u00e0 corpora\u00e7\u00e3o, no que diz respeito ao aperfei\u00e7oamento e proje\u00e7\u00e3o da institui\u00e7\u00e3o que ficaram marcadas na hist\u00f3ria da Pol\u00edcia Militar.<\/p>\n","protected":false},"excerpt":{"rendered":"<p>O Prefeito de Tr\u00eas Lagoas, Angelo Guerreiro, o Chefe de Gabinete e Secret\u00e1rio interino de Desenvolvimento Econ\u00f4mico Ci\u00eancia e Tecnologia, Jos\u00e9 Aparecido de Moraes, e o ex-Secret\u00e1rio de Governo e Pol\u00edticas P\u00fablicas, ser\u00e3o agraciados com as maiores honrarias da Policia Militar de Mato Grosso do Sul \u2013 PMMS \u2013 durante solenidade que acontece na pr\u00f3xima [&hellip;]<\/p>\n","protected":false},"author":2,"featured_media":11957,"comment_status":"open","ping_status":"open","sticky":false,"template":"","format":"standard","meta":{"om_disable_all_campaigns":false,"_monsterinsights_skip_tracking":false,"_monsterinsights_sitenote_active":false,"_monsterinsights_sitenote_note":"","_monsterinsights_sitenote_category":0,"footnotes":""},"categories":[35,36,48],"tags":[],"aioseo_notices":[],"_links":{"self":[{"href":"https:\/\/expressaoms.com.br\/index.php\/wp-json\/wp\/v2\/posts\/11956"}],"collection":[{"href":"https:\/\/expressaoms.com.br\/index.php\/wp-json\/wp\/v2\/posts"}],"about":[{"href":"https:\/\/expressaoms.com.br\/index.php\/wp-json\/wp\/v2\/types\/post"}],"author":[{"embeddable":true,"href":"https:\/\/expressaoms.com.br\/index.php\/wp-json\/wp\/v2\/users\/2"}],"replies":[{"embeddable":true,"href":"https:\/\/expressaoms.com.br\/index.php\/wp-json\/wp\/v2\/comments?post=11956"}],"version-history":[{"count":1,"href":"https:\/\/expressaoms.com.br\/index.php\/wp-json\/wp\/v2\/posts\/11956\/revisions"}],"predecessor-version":[{"id":11958,"href":"https:\/\/expressaoms.com.br\/index.php\/wp-json\/wp\/v2\/posts\/11956\/revisions\/11958"}],"wp:featuredmedia":[{"embeddable":true,"href":"https:\/\/expressaoms.com.br\/index.php\/wp-json\/wp\/v2\/media\/11957"}],"wp:attachment":[{"href":"https:\/\/expressaoms.com.br\/index.php\/wp-json\/wp\/v2\/media?parent=11956"}],"wp:term":[{"taxonomy":"category","embeddable":true,"href":"https:\/\/expressaoms.com.br\/index.php\/wp-json\/wp\/v2\/categories?post=11956"},{"taxonomy":"post_tag","embeddable":true,"href":"https:\/\/expressaoms.com.br\/index.php\/wp-json\/wp\/v2\/tags?post=11956"}],"curies":[{"name":"wp","href":"https:\/\/api.w.org\/{rel}","templated":true}]}}