{"id":1206,"date":"2021-10-17T11:01:24","date_gmt":"2021-10-17T14:01:24","guid":{"rendered":"https:\/\/expressaoms.com.br\/?p=1206"},"modified":"2021-10-17T11:01:24","modified_gmt":"2021-10-17T14:01:24","slug":"atendimentos-na-upa-de-apoio-e-encerrado-em-tres-lagoas","status":"publish","type":"post","link":"https:\/\/expressaoms.com.br\/index.php\/2021\/10\/17\/atendimentos-na-upa-de-apoio-e-encerrado-em-tres-lagoas\/","title":{"rendered":"Atendimento na UPA de apoio \u00e9 encerrado em Tr\u00eas Lagoas"},"content":{"rendered":"<p>O fim de um servi\u00e7o marca mais uma vit\u00f3ria. Parece estranha essa rela\u00e7\u00e3o, mas foi \u00e0s 18h de sexta-feira (15\/10), que a Secretaria Municipal de Sa\u00fade (SMS) de Tr\u00eas Lagoas comemorou mais um avan\u00e7o no combate \u00e0 Pandemia do Novo Coronav\u00edrus com o fechamento da Unidade de Pronto Atendimento (UPA) de Apoio que funcionava na Cl\u00ednica da Crian\u00e7a.<\/p>\n<p>A Cl\u00ednica foi transformada em UPA de Apoio, tamb\u00e9m chamada por muitos de &#8220;UPinha&#8221;, devido aos altos n\u00fameros de infectados e internados por quadros de S\u00edndromes Respirat\u00f3rias (muitas vezes, Covid-19) em abril de 2021 e, desse modo, permitiu que a UPA 24h do Parque S\u00e3o Carlos atendesse exclusivamente pacientes respirat\u00f3rios, enquanto atendia os demais fluxos cl\u00ednicos.<\/p>\n<p>Em uma visita \u00e0 &#8220;UPinha&#8221;, a secret\u00e1ria Municipal de Sa\u00fade, Elaine F\u00fario, agradeceu a cada servidor que atuou no local pelo trabalho realizado durante os meses de exist\u00eancia do servi\u00e7o. &#8220;\u00c9 um momento de muita emo\u00e7\u00e3o, pois passamos por situa\u00e7\u00f5es desafiadoras e, hoje, chegar aqui e poder encerrar esse ciclo por ter diminu\u00eddo drasticamente os casos de Covid-19 \u00e9 algo a se comemorar, \u00e9 um dia muito importante.&#8221;<\/p>\n<p>Lilian Fernandes Garcia, coordenadora da UPA de apoio, ressaltou que a UPA Apoio, al\u00e9m de representar uma melhoria no servi\u00e7o em sa\u00fade, foi o que garantiu tranquilidade da popula\u00e7\u00e3o e servidores, afinal era mais acess\u00edvel e sabiam que o local era destinado aos casos que n\u00e3o tinham sintomas respirat\u00f3rios.<\/p>\n<p>&#8220;Todo o trabalho feito por servidores que j\u00e1 estavam na Rede Municipal de Sa\u00fade, ou seja, todos vestiram a camisa para que esse servi\u00e7o fosse constitu\u00eddo e funcionasse. O sentimento \u00e9 de miss\u00e3o cumprida com louvor&#8221;, enfatizou a coordenadora que, agora, segue suas atividades na UPA 24h do Bairro S\u00e3o Carlos.<\/p>\n<p>A t\u00e9cnica em enfermagem, Daise Cardoso Bonfim Ribeiro, destacou que trabalhar na UPA Apoio teve seus momentos de tristeza, mas que somou muito \u00e0 sua profiss\u00e3o. &#8220;Eu terminei o meu curso de t\u00e9cnica em enfermagem em fevereiro, e em abril tive a oportunidade de ser escalada para c\u00e1. Entrei sabendo o b\u00e1sico e os colegas todos me ajudaram a aprender muito mais nesse per\u00edodo, ent\u00e3o, apesar de tudo, avalio como extremamente positivo para o meu profissional&#8221;, comentou.<\/p>\n<p>Daise, que agora passar\u00e1 a atuar na Unidade de Sa\u00fade da Fam\u00edlia (USF) do Novo Oeste, explicou ainda que apesar de a pandemia ser algo que assusta, ela sabia que estava segura no local, afinal, contava com todo o equipamento de prote\u00e7\u00e3o necess\u00e1rio para executar a sua fun\u00e7\u00e3o. &#8220;Tive momentos dif\u00edceis, como presenciar \u00f3bitos, por exemplo. Mas, tive muitos momentos que n\u00e3o t\u00eam pre\u00e7o, como o agradecimento de uma paciente pelo meu trabalho e a amizade aqui dentro.&#8221;<\/p>\n<p>Ana Cristina Moreto, que tamb\u00e9m \u00e9 t\u00e9cnica em enfermagem, explicou que tinha alguma experi\u00eancia em fazer plant\u00f5es na rede de urg\u00eancia e emerg\u00eancia na UPA do Parque S\u00e3o Carlos com aten\u00e7\u00e3o b\u00e1sica, auxiliando com medica\u00e7\u00e3o dos pacientes, por exemplo. &#8220;Mesmo assim, tudo parece novo, e foi um desafio estar, de fato, na linha de frente de uma rede de urg\u00eancia e emerg\u00eancia. Isso, para mim, foi muito bom, pois permitiu que eu crescesse enquanto profissional.&#8221;<\/p>\n<p><strong>Retorno dos atendimentos \u00e0 Cl\u00ednica<\/strong><\/p>\n<p>At\u00e9 a mudan\u00e7a de retorno para o pr\u00e9dio da Cl\u00ednica da Crian\u00e7a, algo que est\u00e1 previsto para ocorrer por volta do dia 1\u00ba de novembro, os servi\u00e7os especializados continuam funcionando nos locais onde foram destinados, que s\u00e3o:<\/p>\n<p>CAPS II \u2013 terapeutas ocupacionais, fonoaudi\u00f3logos, psic\u00f3logos e psiquiatra<\/p>\n<p>CL\u00cdNICA DE FISIOTERAPIA \u2013 fisioterapeuta<\/p>\n<p>CL\u00cdNICA DO IDOSO \u2013 pediatra, nutricionista e entrega de f\u00f3rmulas pedi\u00e1tricas<\/p>\n<p>CENTRO DE ESPECIALIDADES M\u00c9DICAS- CEM \u2013 Neuropediatra<\/p>\n<p>CENTRO DE ESPECIALIDADES ODONTOL\u00d3GICAS \u2013 CEO \u2013 Dentistas<\/p>\n<p>&nbsp;<\/p>\n<p>&nbsp;<\/p>\n<pre>Fonte: PMTL<\/pre>\n","protected":false},"excerpt":{"rendered":"<p>O fim de um servi\u00e7o marca mais uma vit\u00f3ria. Parece estranha essa rela\u00e7\u00e3o, mas foi \u00e0s 18h de sexta-feira (15\/10), que a Secretaria Municipal de Sa\u00fade (SMS) de Tr\u00eas Lagoas comemorou mais um avan\u00e7o no combate \u00e0 Pandemia do Novo Coronav\u00edrus com o fechamento da Unidade de Pronto Atendimento (UPA) de Apoio que funcionava na [&hellip;]<\/p>\n","protected":false},"author":3,"featured_media":1375,"comment_status":"open","ping_status":"open","sticky":false,"template":"","format":"standard","meta":{"om_disable_all_campaigns":false,"_monsterinsights_skip_tracking":false,"_monsterinsights_sitenote_active":false,"_monsterinsights_sitenote_note":"","_monsterinsights_sitenote_category":0,"footnotes":""},"categories":[44,48],"tags":[],"aioseo_notices":[],"_links":{"self":[{"href":"https:\/\/expressaoms.com.br\/index.php\/wp-json\/wp\/v2\/posts\/1206"}],"collection":[{"href":"https:\/\/expressaoms.com.br\/index.php\/wp-json\/wp\/v2\/posts"}],"about":[{"href":"https:\/\/expressaoms.com.br\/index.php\/wp-json\/wp\/v2\/types\/post"}],"author":[{"embeddable":true,"href":"https:\/\/expressaoms.com.br\/index.php\/wp-json\/wp\/v2\/users\/3"}],"replies":[{"embeddable":true,"href":"https:\/\/expressaoms.com.br\/index.php\/wp-json\/wp\/v2\/comments?post=1206"}],"version-history":[{"count":0,"href":"https:\/\/expressaoms.com.br\/index.php\/wp-json\/wp\/v2\/posts\/1206\/revisions"}],"wp:featuredmedia":[{"embeddable":true,"href":"https:\/\/expressaoms.com.br\/index.php\/wp-json\/"}],"wp:attachment":[{"href":"https:\/\/expressaoms.com.br\/index.php\/wp-json\/wp\/v2\/media?parent=1206"}],"wp:term":[{"taxonomy":"category","embeddable":true,"href":"https:\/\/expressaoms.com.br\/index.php\/wp-json\/wp\/v2\/categories?post=1206"},{"taxonomy":"post_tag","embeddable":true,"href":"https:\/\/expressaoms.com.br\/index.php\/wp-json\/wp\/v2\/tags?post=1206"}],"curies":[{"name":"wp","href":"https:\/\/api.w.org\/{rel}","templated":true}]}}