{"id":12354,"date":"2022-09-21T12:09:01","date_gmt":"2022-09-21T15:09:01","guid":{"rendered":"https:\/\/expressaoms.com.br\/?p=12354"},"modified":"2022-09-21T12:09:01","modified_gmt":"2022-09-21T15:09:01","slug":"confira-as-acoes-do-departamento-de-transito-para-a-semana-nacional-de-transito-em-tres-lagoas","status":"publish","type":"post","link":"https:\/\/expressaoms.com.br\/index.php\/2022\/09\/21\/confira-as-acoes-do-departamento-de-transito-para-a-semana-nacional-de-transito-em-tres-lagoas\/","title":{"rendered":"Confira as a\u00e7\u00f5es do Departamento de Tr\u00e2nsito para a Semana Nacional de Tr\u00e2nsito em Tr\u00eas Lagoas"},"content":{"rendered":"<p data-raofz=\"16\">Foi iniciada a Semana Nacional de Tr\u00e2nsito em Tr\u00eas Lagoas com programa\u00e7\u00e3o organizada pelo Departamento de Tr\u00e2nsito da Secretaria Municipal de Infraestrutura, Transporte e Tr\u00e2nsito (SEINTRA), entre as atividades programadas est\u00e3o palestras, blitz educativas e a\u00e7\u00f5es did\u00e1ticas com estudantes.<\/p>\n<p data-raofz=\"16\">Neste ano o tema definido para a Semana Nacional de Tr\u00e2nsito 2022 \u00e9 \u201cJuntos salvamos vidas\u201d e engloba todos os \u00f3rg\u00e3os que comp\u00f5em o Sistema Nacional de Tr\u00e2nsito a participar de a\u00e7\u00f5es que mobilizem toda a sociedade.<\/p>\n<p data-raofz=\"16\"><strong>AGENDA<\/strong><\/p>\n<p data-raofz=\"16\"><em><strong>Semana Nacional de Tr\u00e2nsito em Tr\u00eas Lagoas<\/strong><\/em><\/p>\n<p data-raofz=\"16\"><strong>21 (quarta-feira)<\/strong><\/p>\n<p data-raofz=\"16\">Palestra MK Qu\u00edmica<\/p>\n<p data-raofz=\"16\">Blitz com a Patrulha mirim<\/p>\n<p data-raofz=\"16\"><strong>22 (quinta-feira)<\/strong><\/p>\n<p data-raofz=\"16\">Visita t\u00e9cnica Batalh\u00e3o de Pol\u00edcia Militar de Tr\u00e2nsito (BPMTran) \u2013 Campo Grande<\/p>\n<p data-raofz=\"16\"><strong>23 (sexta-feira)<\/strong><\/p>\n<p data-raofz=\"16\">Visita t\u00e9cnica Batalh\u00e3o de Pol\u00edcia Militar de Tr\u00e2nsito (BPMTran) \u2013 Campo Grande<\/p>\n<p data-raofz=\"16\"><strong>26 (segunda-feira)<\/strong><\/p>\n<p data-raofz=\"16\">Palestra RS Florestal<\/p>\n<p data-raofz=\"16\">Palestra na Escola Municipal Joaquim Marques de Souza<\/p>\n<p data-raofz=\"16\"><strong>27 (ter\u00e7a-feira)<\/strong><\/p>\n<p data-raofz=\"16\">Instru\u00e7\u00e3o de seguran\u00e7a vi\u00e1ria na Escola Estadual Jo\u00e3o Ponce de Arruda<\/p>\n<p data-raofz=\"16\"><strong>28 (quarta-feira)<\/strong><\/p>\n<p data-raofz=\"16\">Passei cicl\u00edstico com alunos Escola Estadual Jo\u00e3o Ponce de Arruda<\/p>\n<p data-raofz=\"16\"><strong>30 (sexta-feira)<\/strong><\/p>\n<p data-raofz=\"16\">Acompanhamento na entrada e Palestra para alunos da Col\u00e9gio Hermesindo Alonso Gonzales (FUNLEC)<\/p>\n","protected":false},"excerpt":{"rendered":"<p>Foi iniciada a Semana Nacional de Tr\u00e2nsito em Tr\u00eas Lagoas com programa\u00e7\u00e3o organizada pelo Departamento de Tr\u00e2nsito da Secretaria Municipal de Infraestrutura, Transporte e Tr\u00e2nsito (SEINTRA), entre as atividades programadas est\u00e3o palestras, blitz educativas e a\u00e7\u00f5es did\u00e1ticas com estudantes. Neste ano o tema definido para a Semana Nacional de Tr\u00e2nsito 2022 \u00e9 \u201cJuntos salvamos vidas\u201d [&hellip;]<\/p>\n","protected":false},"author":2,"featured_media":12356,"comment_status":"open","ping_status":"open","sticky":false,"template":"","format":"standard","meta":{"om_disable_all_campaigns":false,"_monsterinsights_skip_tracking":false,"_monsterinsights_sitenote_active":false,"_monsterinsights_sitenote_note":"","_monsterinsights_sitenote_category":0,"footnotes":""},"categories":[36,48],"tags":[],"aioseo_notices":[],"_links":{"self":[{"href":"https:\/\/expressaoms.com.br\/index.php\/wp-json\/wp\/v2\/posts\/12354"}],"collection":[{"href":"https:\/\/expressaoms.com.br\/index.php\/wp-json\/wp\/v2\/posts"}],"about":[{"href":"https:\/\/expressaoms.com.br\/index.php\/wp-json\/wp\/v2\/types\/post"}],"author":[{"embeddable":true,"href":"https:\/\/expressaoms.com.br\/index.php\/wp-json\/wp\/v2\/users\/2"}],"replies":[{"embeddable":true,"href":"https:\/\/expressaoms.com.br\/index.php\/wp-json\/wp\/v2\/comments?post=12354"}],"version-history":[{"count":1,"href":"https:\/\/expressaoms.com.br\/index.php\/wp-json\/wp\/v2\/posts\/12354\/revisions"}],"predecessor-version":[{"id":12357,"href":"https:\/\/expressaoms.com.br\/index.php\/wp-json\/wp\/v2\/posts\/12354\/revisions\/12357"}],"wp:featuredmedia":[{"embeddable":true,"href":"https:\/\/expressaoms.com.br\/index.php\/wp-json\/wp\/v2\/media\/12356"}],"wp:attachment":[{"href":"https:\/\/expressaoms.com.br\/index.php\/wp-json\/wp\/v2\/media?parent=12354"}],"wp:term":[{"taxonomy":"category","embeddable":true,"href":"https:\/\/expressaoms.com.br\/index.php\/wp-json\/wp\/v2\/categories?post=12354"},{"taxonomy":"post_tag","embeddable":true,"href":"https:\/\/expressaoms.com.br\/index.php\/wp-json\/wp\/v2\/tags?post=12354"}],"curies":[{"name":"wp","href":"https:\/\/api.w.org\/{rel}","templated":true}]}}