{"id":12361,"date":"2022-09-21T12:11:03","date_gmt":"2022-09-21T15:11:03","guid":{"rendered":"https:\/\/expressaoms.com.br\/?p=12361"},"modified":"2022-09-21T12:11:03","modified_gmt":"2022-09-21T15:11:03","slug":"usf-chacara-eldorado-sera-inaugurada-nesta-quinta-feira-22","status":"publish","type":"post","link":"https:\/\/expressaoms.com.br\/index.php\/2022\/09\/21\/usf-chacara-eldorado-sera-inaugurada-nesta-quinta-feira-22\/","title":{"rendered":"USF Ch\u00e1cara Eldorado ser\u00e1 inaugurada nesta quinta-feira (22)"},"content":{"rendered":"<p data-raofz=\"16\">Mais uma Unidade de Sa\u00fade da Fam\u00edlia (USF) ser\u00e1 inaugurada em Tr\u00eas Lagoas ampliando a rede de atendimento no munic\u00edpio, melhorando a qualidade de vida da popula\u00e7\u00e3o e o acesso \u00e0 sa\u00fade.<\/p>\n<p data-raofz=\"16\">A USF que a partir desta quinta-feira (22) passa a compor a rede de sa\u00fade do munic\u00edpio \u00e9 a Ch\u00e1cara Eldorado, trata-se de uma obra realizada recursos federais e recursos pr\u00f3prios do munic\u00edpio.<\/p>\n<p data-raofz=\"16\">De acordo com a secret\u00e1ria Municipal de Sa\u00fade, Elaine Furio, a unidade est\u00e1 em fase de cadastramento da popula\u00e7\u00e3o, j\u00e1 tendo sido realizado aproximadamente 6 mil cadastros no territ\u00f3rio. Os bairros a serem atendidos pela Unidade s\u00e3o: Ch\u00e1cara Eldorado, Ch\u00e1cara Imperial, Vila Verde, Violeta, Primavera e Jardim Progresso.<\/p>\n<p data-raofz=\"16\">A unidade vai contar com 2 equipes de sa\u00fade da fam\u00edlia e 2 equipes de sa\u00fade bucal, atendimento farmac\u00eautico, sala de vacinas, coletas de exames, acompanhamento de pr\u00e9-natal, puericultura, planejamento familiar, al\u00e9m de outras a\u00e7\u00f5es de promo\u00e7\u00e3o \u00e0 sa\u00fade e procedimentos.<\/p>\n<p data-raofz=\"16\">Devido aos pedidos de prorroga\u00e7\u00e3o de posse dos profissionais aprovados em concurso p\u00fablico, a unidade est\u00e1 sendo inaugurada com 1 equipe de sa\u00fade da fam\u00edlia e ser\u00e1 ampliada para 2 equipes t\u00e3o logo os profissionais se apresentem nas pr\u00f3ximas semanas.<\/p>\n<p data-raofz=\"16\">A expectativa \u00e9 que sejam ofertadas 1.300 consultas m\u00e9dicas por m\u00eas com as duas equipes.<\/p>\n","protected":false},"excerpt":{"rendered":"<p>Mais uma Unidade de Sa\u00fade da Fam\u00edlia (USF) ser\u00e1 inaugurada em Tr\u00eas Lagoas ampliando a rede de atendimento no munic\u00edpio, melhorando a qualidade de vida da popula\u00e7\u00e3o e o acesso \u00e0 sa\u00fade. A USF que a partir desta quinta-feira (22) passa a compor a rede de sa\u00fade do munic\u00edpio \u00e9 a Ch\u00e1cara Eldorado, trata-se de [&hellip;]<\/p>\n","protected":false},"author":2,"featured_media":12362,"comment_status":"open","ping_status":"open","sticky":false,"template":"","format":"standard","meta":{"om_disable_all_campaigns":false,"_monsterinsights_skip_tracking":false,"_monsterinsights_sitenote_active":false,"_monsterinsights_sitenote_note":"","_monsterinsights_sitenote_category":0,"footnotes":""},"categories":[36,192,48],"tags":[],"aioseo_notices":[],"_links":{"self":[{"href":"https:\/\/expressaoms.com.br\/index.php\/wp-json\/wp\/v2\/posts\/12361"}],"collection":[{"href":"https:\/\/expressaoms.com.br\/index.php\/wp-json\/wp\/v2\/posts"}],"about":[{"href":"https:\/\/expressaoms.com.br\/index.php\/wp-json\/wp\/v2\/types\/post"}],"author":[{"embeddable":true,"href":"https:\/\/expressaoms.com.br\/index.php\/wp-json\/wp\/v2\/users\/2"}],"replies":[{"embeddable":true,"href":"https:\/\/expressaoms.com.br\/index.php\/wp-json\/wp\/v2\/comments?post=12361"}],"version-history":[{"count":1,"href":"https:\/\/expressaoms.com.br\/index.php\/wp-json\/wp\/v2\/posts\/12361\/revisions"}],"predecessor-version":[{"id":12363,"href":"https:\/\/expressaoms.com.br\/index.php\/wp-json\/wp\/v2\/posts\/12361\/revisions\/12363"}],"wp:featuredmedia":[{"embeddable":true,"href":"https:\/\/expressaoms.com.br\/index.php\/wp-json\/wp\/v2\/media\/12362"}],"wp:attachment":[{"href":"https:\/\/expressaoms.com.br\/index.php\/wp-json\/wp\/v2\/media?parent=12361"}],"wp:term":[{"taxonomy":"category","embeddable":true,"href":"https:\/\/expressaoms.com.br\/index.php\/wp-json\/wp\/v2\/categories?post=12361"},{"taxonomy":"post_tag","embeddable":true,"href":"https:\/\/expressaoms.com.br\/index.php\/wp-json\/wp\/v2\/tags?post=12361"}],"curies":[{"name":"wp","href":"https:\/\/api.w.org\/{rel}","templated":true}]}}