{"id":12364,"date":"2022-09-21T14:19:57","date_gmt":"2022-09-21T17:19:57","guid":{"rendered":"https:\/\/expressaoms.com.br\/?p=12364"},"modified":"2022-09-21T14:19:57","modified_gmt":"2022-09-21T17:19:57","slug":"meio-ambiente-celebra-dia-da-arvore-com-plantio-de-mudas-e-entrega-de-certificados-para-podadores","status":"publish","type":"post","link":"https:\/\/expressaoms.com.br\/index.php\/2022\/09\/21\/meio-ambiente-celebra-dia-da-arvore-com-plantio-de-mudas-e-entrega-de-certificados-para-podadores\/","title":{"rendered":"Meio Ambiente celebra Dia da \u00c1rvore com plantio de mudas e entrega de certificados para podadores"},"content":{"rendered":"<p data-raofz=\"16\">A programa\u00e7\u00e3o da Semana da \u00c1rvore desempenhada pela Secretaria Municipal de Meio Ambiente e Agroneg\u00f3cio (SEMEA) segue trazendo diversas a\u00e7\u00f5es especiais em Tr\u00eas Lagoas.<\/p>\n<p data-raofz=\"16\">Nesta quarta-feira (21), \u00e9 comemorado o Dia da \u00c1rvore e, para simbolizar a import\u00e2ncia da data para o meio ambiente, o secret\u00e1rio da pasta, Mauro De Grandi e sua equipe t\u00e9cnica, realizaram diversas a\u00e7\u00f5es nesta manh\u00e3 na Arenamix.<\/p>\n<p data-raofz=\"16\">Na abertura, o secret\u00e1rio e a coordenadora de Educa\u00e7\u00e3o Ambiental, Eliana Queiroz, explanaram sobre a programa\u00e7\u00e3o e import\u00e2ncia da data para a preserva\u00e7\u00e3o ambiental de Tr\u00eas Lagoas e do planeta, como um todo.<\/p>\n<p data-raofz=\"16\">Na sequ\u00eancia, alunos da Escola Municipal \u201cMaria de Lourdes\u201d e as crian\u00e7as e adolescentes dos SCFV \u201cPatrulha Florestinha\u201d e \u201cPelot\u00e3o Mirim\u201d acompanharam o plantio de mudas no recinto. Foram 40 unidades, sendo ip\u00eas e baru. Em seguida, houve a solenidade de entrega dos certificados aos podadores que conclu\u00edram a capacita\u00e7\u00e3o oferecida pela SEMEA e entrega de squeezes tem\u00e1ticas \u00e0s crian\u00e7as presentes.<\/p>\n<p data-raofz=\"16\">A Secretaria Municipal de Esporte, Juventude e Lazer (SEJUVEL) fez parte da a\u00e7\u00e3o com os brinquedos infl\u00e1veis. Pela tarde, haver\u00e1 palestras ambientais para os alunos.<\/p>\n<p data-raofz=\"16\">Na segunda-feira (19), a equipe t\u00e9cnica da SEMEA esteve na Escola Municipal de Campo \u201cAntonio Camargo Garcia, na regi\u00e3o do Vera Cruz, onde realizou o plantio de 14 mudas de ip\u00eas branco e roxo. A a\u00e7\u00e3o teve a participa\u00e7\u00e3o dos professores e alunos dos 3\u00ba e 5\u00ba ano do col\u00e9gio.<\/p>\n<p data-raofz=\"16\">Na tarde de ter\u00e7a-feira (20), foi a vez dos alunos do projeto Miss\u00e3o Salesiana participar de uma trilha ecol\u00f3gica, juntamente com a Pol\u00edcia Militar Ambiental e SEMEA, conhecendo as riquezas da \u00c1rea de Preserva\u00e7\u00e3o Ambiental \u2013 APA \u2013 Jupi\u00e1.<\/p>\n<p data-raofz=\"16\">A programa\u00e7\u00e3o segue at\u00e9 sexta-feira, com palestras e gincanas.<\/p>\n","protected":false},"excerpt":{"rendered":"<p>A programa\u00e7\u00e3o da Semana da \u00c1rvore desempenhada pela Secretaria Municipal de Meio Ambiente e Agroneg\u00f3cio (SEMEA) segue trazendo diversas a\u00e7\u00f5es especiais em Tr\u00eas Lagoas. Nesta quarta-feira (21), \u00e9 comemorado o Dia da \u00c1rvore e, para simbolizar a import\u00e2ncia da data para o meio ambiente, o secret\u00e1rio da pasta, Mauro De Grandi e sua equipe t\u00e9cnica, [&hellip;]<\/p>\n","protected":false},"author":2,"featured_media":12365,"comment_status":"open","ping_status":"open","sticky":false,"template":"","format":"standard","meta":{"om_disable_all_campaigns":false,"_monsterinsights_skip_tracking":false,"_monsterinsights_sitenote_active":false,"_monsterinsights_sitenote_note":"","_monsterinsights_sitenote_category":0,"footnotes":""},"categories":[36,48],"tags":[],"aioseo_notices":[],"_links":{"self":[{"href":"https:\/\/expressaoms.com.br\/index.php\/wp-json\/wp\/v2\/posts\/12364"}],"collection":[{"href":"https:\/\/expressaoms.com.br\/index.php\/wp-json\/wp\/v2\/posts"}],"about":[{"href":"https:\/\/expressaoms.com.br\/index.php\/wp-json\/wp\/v2\/types\/post"}],"author":[{"embeddable":true,"href":"https:\/\/expressaoms.com.br\/index.php\/wp-json\/wp\/v2\/users\/2"}],"replies":[{"embeddable":true,"href":"https:\/\/expressaoms.com.br\/index.php\/wp-json\/wp\/v2\/comments?post=12364"}],"version-history":[{"count":1,"href":"https:\/\/expressaoms.com.br\/index.php\/wp-json\/wp\/v2\/posts\/12364\/revisions"}],"predecessor-version":[{"id":12366,"href":"https:\/\/expressaoms.com.br\/index.php\/wp-json\/wp\/v2\/posts\/12364\/revisions\/12366"}],"wp:featuredmedia":[{"embeddable":true,"href":"https:\/\/expressaoms.com.br\/index.php\/wp-json\/wp\/v2\/media\/12365"}],"wp:attachment":[{"href":"https:\/\/expressaoms.com.br\/index.php\/wp-json\/wp\/v2\/media?parent=12364"}],"wp:term":[{"taxonomy":"category","embeddable":true,"href":"https:\/\/expressaoms.com.br\/index.php\/wp-json\/wp\/v2\/categories?post=12364"},{"taxonomy":"post_tag","embeddable":true,"href":"https:\/\/expressaoms.com.br\/index.php\/wp-json\/wp\/v2\/tags?post=12364"}],"curies":[{"name":"wp","href":"https:\/\/api.w.org\/{rel}","templated":true}]}}