{"id":12703,"date":"2022-10-04T09:44:08","date_gmt":"2022-10-04T12:44:08","guid":{"rendered":"https:\/\/expressaoms.com.br\/?p=12703"},"modified":"2022-10-04T09:44:08","modified_gmt":"2022-10-04T12:44:08","slug":"obras-da-avenida-custodio-andries-continuam-avancando-em-tres-lagoas","status":"publish","type":"post","link":"https:\/\/expressaoms.com.br\/index.php\/2022\/10\/04\/obras-da-avenida-custodio-andries-continuam-avancando-em-tres-lagoas\/","title":{"rendered":"Obras da Avenida Cust\u00f3dio Andries continuam avan\u00e7ando em Tr\u00eas Lagoas"},"content":{"rendered":"<p data-raofz=\"16\">Uma obra emblem\u00e1tica, que \u00e9 o sonho de muitos moradores de Tr\u00eas Lagoas h\u00e1 anos, j\u00e1 est\u00e1 come\u00e7ando a tomar forma e em breve a Avenida Cust\u00f3dio Andries se tornar\u00e1 um novo corredor que facilitar\u00e1 a trafegabilidade e o acesso da popula\u00e7\u00e3o do centro da cidade para os bairros e vice-versa.<\/p>\n<p data-raofz=\"16\">As obras est\u00e3o avan\u00e7ando e a drenagem em trecho inicial j\u00e1 foi realizada com a conclus\u00e3o dos po\u00e7os de visita e j\u00e1 tendo iniciado a realiza\u00e7\u00e3o das bases e imprima\u00e7\u00e3o da Avenida Cust\u00f3dio Andrews at\u00e9 a altura da Viela Dilma da Costa Taveiros, para posterior aplica\u00e7\u00e3o de asfalto neste trecho.<\/p>\n<p data-raofz=\"16\">A obra est\u00e1 sendo executada pela MSPAV CONSTRU\u00c7\u00d5ES LTDA, e prev\u00ea uma \u00e1rea de 45.184,05 m\u00b2 de pavimenta\u00e7\u00e3o asf\u00e1ltica, al\u00e9m de 2.619,55 m\/L de drenagem subterr\u00e2nea em tubos de concreto e com 11.445,14 m de meio fio\/sarjeta (drenagem superficial), com po\u00e7o de visita e caixa de concreto.<\/p>\n<p data-raofz=\"16\">Al\u00e9m da drenagem e pavimenta\u00e7\u00e3o, a via vai contar com um canteiro central e ciclovia, tamb\u00e9m ser\u00e3o criados espa\u00e7os de perman\u00eancia ao longo da cal\u00e7ada. A obra vai contar tamb\u00e9m com um projeto de paisagismo que prev\u00ea o plantio de 239 \u00e1rvores ornamentais, 21 palmeiras e 7.652,21 m\u00b2 de revegeta\u00e7\u00e3o com plantio de sementes de gram\u00edneas.<\/p>\n<p data-raofz=\"16\"><strong>TRA\u00c7ADO DA AVENIDA<\/strong><\/p>\n<p data-raofz=\"16\">As obras iniciam na Avenida Clodoaldo Garcia\/Avenida Filinto Muller com a Ros\u00e1rio Congro, no centro da Cidade, e segue at\u00e9 a Avenida Aroeira, que fica nas proximidades do Residencial Novo Oeste e Escola Municipal \u201cElaine de S\u00e1 Costa\u201d. Futuramente, existe a pretens\u00e3o de interligar a Avenida \u00e0 sa\u00edda para Campo Grande pela BR-262.<\/p>\n<p data-raofz=\"16\">No seu trajeto, a avenida passar\u00e1 atr\u00e1s do viveiro municipal, bem como no Instituto Senai de Inova\u00e7\u00e3o em Biomassa e Escola Sesi, segue passando pelo Vel\u00f3rio Municipal e logo ap\u00f3s o Cemit\u00e9rio Municipal Campo Santo de Santo Ant\u00f4nio.<\/p>\n","protected":false},"excerpt":{"rendered":"<p>Uma obra emblem\u00e1tica, que \u00e9 o sonho de muitos moradores de Tr\u00eas Lagoas h\u00e1 anos, j\u00e1 est\u00e1 come\u00e7ando a tomar forma e em breve a Avenida Cust\u00f3dio Andries se tornar\u00e1 um novo corredor que facilitar\u00e1 a trafegabilidade e o acesso da popula\u00e7\u00e3o do centro da cidade para os bairros e vice-versa. As obras est\u00e3o avan\u00e7ando [&hellip;]<\/p>\n","protected":false},"author":2,"featured_media":12704,"comment_status":"open","ping_status":"open","sticky":false,"template":"","format":"standard","meta":{"om_disable_all_campaigns":false,"_monsterinsights_skip_tracking":false,"_monsterinsights_sitenote_active":false,"_monsterinsights_sitenote_note":"","_monsterinsights_sitenote_category":0,"footnotes":""},"categories":[36,192,48],"tags":[],"aioseo_notices":[],"_links":{"self":[{"href":"https:\/\/expressaoms.com.br\/index.php\/wp-json\/wp\/v2\/posts\/12703"}],"collection":[{"href":"https:\/\/expressaoms.com.br\/index.php\/wp-json\/wp\/v2\/posts"}],"about":[{"href":"https:\/\/expressaoms.com.br\/index.php\/wp-json\/wp\/v2\/types\/post"}],"author":[{"embeddable":true,"href":"https:\/\/expressaoms.com.br\/index.php\/wp-json\/wp\/v2\/users\/2"}],"replies":[{"embeddable":true,"href":"https:\/\/expressaoms.com.br\/index.php\/wp-json\/wp\/v2\/comments?post=12703"}],"version-history":[{"count":1,"href":"https:\/\/expressaoms.com.br\/index.php\/wp-json\/wp\/v2\/posts\/12703\/revisions"}],"predecessor-version":[{"id":12705,"href":"https:\/\/expressaoms.com.br\/index.php\/wp-json\/wp\/v2\/posts\/12703\/revisions\/12705"}],"wp:featuredmedia":[{"embeddable":true,"href":"https:\/\/expressaoms.com.br\/index.php\/wp-json\/wp\/v2\/media\/12704"}],"wp:attachment":[{"href":"https:\/\/expressaoms.com.br\/index.php\/wp-json\/wp\/v2\/media?parent=12703"}],"wp:term":[{"taxonomy":"category","embeddable":true,"href":"https:\/\/expressaoms.com.br\/index.php\/wp-json\/wp\/v2\/categories?post=12703"},{"taxonomy":"post_tag","embeddable":true,"href":"https:\/\/expressaoms.com.br\/index.php\/wp-json\/wp\/v2\/tags?post=12703"}],"curies":[{"name":"wp","href":"https:\/\/api.w.org\/{rel}","templated":true}]}}