{"id":12706,"date":"2022-10-04T09:44:55","date_gmt":"2022-10-04T12:44:55","guid":{"rendered":"https:\/\/expressaoms.com.br\/?p=12706"},"modified":"2022-10-04T09:44:55","modified_gmt":"2022-10-04T12:44:55","slug":"comeca-nesta-terca-feira-04-a-5a-etapa-do-mutirao-da-limpeza-nos-bairros-jardim-rodrigues-e-violetas","status":"publish","type":"post","link":"https:\/\/expressaoms.com.br\/index.php\/2022\/10\/04\/comeca-nesta-terca-feira-04-a-5a-etapa-do-mutirao-da-limpeza-nos-bairros-jardim-rodrigues-e-violetas\/","title":{"rendered":"Come\u00e7a nesta ter\u00e7a-feira (04), a 5\u00aa etapa do Mutir\u00e3o da Limpeza nos bairros Jardim Rodrigues e Violetas"},"content":{"rendered":"<p>Inicia nesta ter\u00e7a-feira (04) o \u201cMutir\u00e3o da Limpeza\u201d nos bairros Jardim Rodrigues e Violetas, durante sete dias os moradores destes locais poder\u00e3o descartar materiais e res\u00edduos que possam vir a ser criadouros prop\u00edcios \u00e0 prolifera\u00e7\u00e3o do mosquito Aedes aegypti (Dengue, Chikungunya e Zika), Fleb\u00f3tomo (Leishmaniose) e escorpi\u00f5es, nas ca\u00e7ambas que est\u00e3o instaladas em pontos estrat\u00e9gicos.<\/p>\n<p>O Mutir\u00e3o da Limpeza \u00e9 uma iniciativa da Prefeitura de Tr\u00eas Lagoas, por meio do Setor de Endemias da Secretaria Municipal de Sa\u00fade (SMS), em parceria com a Secretaria de Infraestrutura, Transporte e Tr\u00e2nsito (SEINTRA).<\/p>\n<p><strong>A CAMPANHA<\/strong><\/p>\n<p>A campanha passar\u00e1 por todos os bairros do Munic\u00edpio, sendo que cada semana um ou mais bairros ser\u00e3o anunciados, no intuito de unir for\u00e7as com a popula\u00e7\u00e3o visando erradicar ao m\u00e1ximo a prolifera\u00e7\u00e3o desses insetos, reduzindo o n\u00famero de casos de pessoas com dengue, leishmaniose, Chikungunya, zika e acidentes com animais pe\u00e7onhentos que apresentam alto n\u00famero de incid\u00eancia nos \u00faltimos meses.<\/p>\n<p>De segunda a ter\u00e7a-feira, s\u00e3o instaladas as ca\u00e7ambas em pontos estrat\u00e9gicos, ap\u00f3s a coloca\u00e7\u00e3o os moradores j\u00e1 poder\u00e3o descartar todos os materiais permitidos na campanha durante toda a semana (at\u00e9 domingo). Depois, o material \u00e9 recolhido, dispensado e as ca\u00e7ambas seguem para os pr\u00f3ximos bairros atendidos pelo Mutir\u00e3o.<\/p>\n<p><strong>CONFIRA OS LOCAIS DESSA SEMANA<\/strong><\/p>\n<p>As ca\u00e7ambas da PMTL estar\u00e3o dispon\u00edveis nas seguintes ruas, dos bairros Jardim Rodrigues e Violetas:<\/p>\n<p>Rua Santa Branca c\/ R. Sergio R. Ribeiro<\/p>\n<p>Rua Santa Branca c\/ R. Josefa Ferreira<\/p>\n<p>Rua R. Josefa Ferreira c\/ Rua B<\/p>\n<p>Rua Francisco S. Queiroz<\/p>\n<p>Rua Maria Queiroz Moreira c\/ R. Sergio R. Ribeiro<\/p>\n<p>Rua Joaquim G. Leal (Tupi) c\/ R. M\u00e1rio G. Cervis<\/p>\n<p>Rua Janu\u00e1rio Garcia Leal<\/p>\n<p>Rua Antonio Pinelli<\/p>\n<p>Rua Bandeirantes<\/p>\n<p>Rua Jo\u00e3o A. Freitas c\/ R. M\u00e1rio G. Cervis<\/p>\n<p>Rua Janu\u00e1rio Garcia Leal<\/p>\n<p>Rua Joaquim Garcia Leal (Tupi)<\/p>\n<p>Rua Manoel Faria Duque c\/ R. Rogaciano Moreira<\/p>\n<p>Rua C c\/ R. Maria Queiroz Moreira<\/p>\n<p>Rua Rogaciano Moreira c\/ Rua Radialista<\/p>\n<p>Rua do Cantor c\/ Rua do Rep\u00f3rter<\/p>\n<p>Rua Manoel Faria Duque c\/ Rua do Cantor<\/p>\n<p>Rua Manoel Faria Duque c\/ Rua do Compositor<\/p>\n<p>Rua do Compositor c\/ R. do Radialista<\/p>\n<p>Rua Sergio R. Ribeiro c\/ R. do Escultor<\/p>\n<p>Rua Rogaciano Moreira c\/ R. do Comerciante<\/p>\n<p>Rua do Cantor c\/ R. do Trabalhador<\/p>\n<p>Rua do Compositor c\/ R. do Professor<\/p>\n<p>Rua do Compositor c\/ R. do Empres\u00e1rio<\/p>\n<p>Rua do Jornalista c\/ R. do Compositor<\/p>\n<p>Rua do Escultor c\/ R. do Professor<\/p>\n<p>Rua do Escultor c\/ R. do Trabalhador<\/p>\n<p>Rua da Constitui\u00e7\u00e3o c\/ R. do Trabalhador<\/p>\n<p>Rua do Pintor c\/ R. do Comerciante<\/p>\n<p>Rua do Pintor c\/ R. do Empres\u00e1rio<\/p>\n<p>Rua do Jornalista c\/ R. do Pintor<\/p>\n<p>Rua do Jornalista c\/ R. do Escultor<\/p>\n<p>Rua do Pintor c\/ R. do Radialista<\/p>\n<p>Rua do Rep\u00f3rter c\/ R. do Artista<\/p>\n<p>Rua do Rep\u00f3rter c\/ R. do Pintor<\/p>\n<p>Rua Manoel Faria Duque c\/ R. do Pintor<\/p>\n<p>Rua Manoel Faria Duque c\/ R. do Artista<\/p>\n<p>Rua do Radialista c\/ R. do Artista<\/p>\n<p>Rua Podeus c\/ R. do Empres\u00e1rio<\/p>\n<p>Rua da Constitui\u00e7\u00e3o c\/ R. do Professor<\/p>\n","protected":false},"excerpt":{"rendered":"<p>Inicia nesta ter\u00e7a-feira (04) o \u201cMutir\u00e3o da Limpeza\u201d nos bairros Jardim Rodrigues e Violetas, durante sete dias os moradores destes locais poder\u00e3o descartar materiais e res\u00edduos que possam vir a ser criadouros prop\u00edcios \u00e0 prolifera\u00e7\u00e3o do mosquito Aedes aegypti (Dengue, Chikungunya e Zika), Fleb\u00f3tomo (Leishmaniose) e escorpi\u00f5es, nas ca\u00e7ambas que est\u00e3o instaladas em pontos estrat\u00e9gicos. [&hellip;]<\/p>\n","protected":false},"author":2,"featured_media":12707,"comment_status":"open","ping_status":"open","sticky":false,"template":"","format":"standard","meta":{"om_disable_all_campaigns":false,"_monsterinsights_skip_tracking":false,"_monsterinsights_sitenote_active":false,"_monsterinsights_sitenote_note":"","_monsterinsights_sitenote_category":0,"footnotes":""},"categories":[36,48],"tags":[],"aioseo_notices":[],"_links":{"self":[{"href":"https:\/\/expressaoms.com.br\/index.php\/wp-json\/wp\/v2\/posts\/12706"}],"collection":[{"href":"https:\/\/expressaoms.com.br\/index.php\/wp-json\/wp\/v2\/posts"}],"about":[{"href":"https:\/\/expressaoms.com.br\/index.php\/wp-json\/wp\/v2\/types\/post"}],"author":[{"embeddable":true,"href":"https:\/\/expressaoms.com.br\/index.php\/wp-json\/wp\/v2\/users\/2"}],"replies":[{"embeddable":true,"href":"https:\/\/expressaoms.com.br\/index.php\/wp-json\/wp\/v2\/comments?post=12706"}],"version-history":[{"count":1,"href":"https:\/\/expressaoms.com.br\/index.php\/wp-json\/wp\/v2\/posts\/12706\/revisions"}],"predecessor-version":[{"id":12708,"href":"https:\/\/expressaoms.com.br\/index.php\/wp-json\/wp\/v2\/posts\/12706\/revisions\/12708"}],"wp:featuredmedia":[{"embeddable":true,"href":"https:\/\/expressaoms.com.br\/index.php\/wp-json\/wp\/v2\/media\/12707"}],"wp:attachment":[{"href":"https:\/\/expressaoms.com.br\/index.php\/wp-json\/wp\/v2\/media?parent=12706"}],"wp:term":[{"taxonomy":"category","embeddable":true,"href":"https:\/\/expressaoms.com.br\/index.php\/wp-json\/wp\/v2\/categories?post=12706"},{"taxonomy":"post_tag","embeddable":true,"href":"https:\/\/expressaoms.com.br\/index.php\/wp-json\/wp\/v2\/tags?post=12706"}],"curies":[{"name":"wp","href":"https:\/\/api.w.org\/{rel}","templated":true}]}}