{"id":12712,"date":"2022-10-04T09:46:07","date_gmt":"2022-10-04T12:46:07","guid":{"rendered":"https:\/\/expressaoms.com.br\/?p=12712"},"modified":"2022-10-04T09:46:07","modified_gmt":"2022-10-04T12:46:07","slug":"tres-lagoas-fecha-campanha-nacional-de-poliomielite-com-cobertura-vacinal-de-7102","status":"publish","type":"post","link":"https:\/\/expressaoms.com.br\/index.php\/2022\/10\/04\/tres-lagoas-fecha-campanha-nacional-de-poliomielite-com-cobertura-vacinal-de-7102\/","title":{"rendered":"Tr\u00eas Lagoas fecha campanha nacional de poliomielite com cobertura vacinal de 71,02%"},"content":{"rendered":"<p data-raofz=\"16\">A Campanha Nacional Contra a Poliomielite encerrou oficialmente na sexta-feira (30) e, apesar dos diversos esfor\u00e7os da Secretaria Municipal de Sa\u00fade (SMS), a a\u00e7\u00e3o fechou com 71,02% de cobertura vacinal, 23,98% abaixo da meta estipulada pelo Programa Nacional de Imuniza\u00e7\u00e3o (PNI) do Minist\u00e9rio da Sa\u00fade.<\/p>\n<p data-raofz=\"16\">Na sexta-feira, a SMS, por meio da Central de Vacina\u00e7\u00e3o promoveu a\u00e7\u00e3o do Dia D da Campanha como forma de encerramento oficial, estendendo o hor\u00e1rio da sala de vacina\u00e7\u00e3o at\u00e9 \u00e0s 20h.<\/p>\n<p data-raofz=\"16\">Das 7.453 doses que deveriam ser aplicadas nas crian\u00e7as de 01 a 04, apenas 5.307 foram imunizadas. O grupo com menor cobertura \u00e9 da faixa et\u00e1ria de 02 anos, 65,32% receberam a vacina.<\/p>\n<p data-raofz=\"16\">De acordo com a coordenadora da Central de Imuniza\u00e7\u00e3o, Humberta Azambuja, as vacinas continuam dispon\u00edveis nas Unidades de Sa\u00fade da Fam\u00edlia (USFs) para quem necessita regularizar a carteira vacinal.<\/p>\n","protected":false},"excerpt":{"rendered":"<p>A Campanha Nacional Contra a Poliomielite encerrou oficialmente na sexta-feira (30) e, apesar dos diversos esfor\u00e7os da Secretaria Municipal de Sa\u00fade (SMS), a a\u00e7\u00e3o fechou com 71,02% de cobertura vacinal, 23,98% abaixo da meta estipulada pelo Programa Nacional de Imuniza\u00e7\u00e3o (PNI) do Minist\u00e9rio da Sa\u00fade. Na sexta-feira, a SMS, por meio da Central de Vacina\u00e7\u00e3o [&hellip;]<\/p>\n","protected":false},"author":2,"featured_media":12713,"comment_status":"open","ping_status":"open","sticky":false,"template":"","format":"standard","meta":{"om_disable_all_campaigns":false,"_monsterinsights_skip_tracking":false,"_monsterinsights_sitenote_active":false,"_monsterinsights_sitenote_note":"","_monsterinsights_sitenote_category":0,"footnotes":""},"categories":[36,44,48],"tags":[],"aioseo_notices":[],"_links":{"self":[{"href":"https:\/\/expressaoms.com.br\/index.php\/wp-json\/wp\/v2\/posts\/12712"}],"collection":[{"href":"https:\/\/expressaoms.com.br\/index.php\/wp-json\/wp\/v2\/posts"}],"about":[{"href":"https:\/\/expressaoms.com.br\/index.php\/wp-json\/wp\/v2\/types\/post"}],"author":[{"embeddable":true,"href":"https:\/\/expressaoms.com.br\/index.php\/wp-json\/wp\/v2\/users\/2"}],"replies":[{"embeddable":true,"href":"https:\/\/expressaoms.com.br\/index.php\/wp-json\/wp\/v2\/comments?post=12712"}],"version-history":[{"count":1,"href":"https:\/\/expressaoms.com.br\/index.php\/wp-json\/wp\/v2\/posts\/12712\/revisions"}],"predecessor-version":[{"id":12714,"href":"https:\/\/expressaoms.com.br\/index.php\/wp-json\/wp\/v2\/posts\/12712\/revisions\/12714"}],"wp:featuredmedia":[{"embeddable":true,"href":"https:\/\/expressaoms.com.br\/index.php\/wp-json\/wp\/v2\/media\/12713"}],"wp:attachment":[{"href":"https:\/\/expressaoms.com.br\/index.php\/wp-json\/wp\/v2\/media?parent=12712"}],"wp:term":[{"taxonomy":"category","embeddable":true,"href":"https:\/\/expressaoms.com.br\/index.php\/wp-json\/wp\/v2\/categories?post=12712"},{"taxonomy":"post_tag","embeddable":true,"href":"https:\/\/expressaoms.com.br\/index.php\/wp-json\/wp\/v2\/tags?post=12712"}],"curies":[{"name":"wp","href":"https:\/\/api.w.org\/{rel}","templated":true}]}}