{"id":12728,"date":"2022-10-04T12:50:03","date_gmt":"2022-10-04T15:50:03","guid":{"rendered":"https:\/\/expressaoms.com.br\/?p=12728"},"modified":"2022-10-04T12:50:03","modified_gmt":"2022-10-04T15:50:03","slug":"suzano-esta-com-inscricoes-abertas-para-o-programa-de-estagio-tecnico-2023","status":"publish","type":"post","link":"https:\/\/expressaoms.com.br\/index.php\/2022\/10\/04\/suzano-esta-com-inscricoes-abertas-para-o-programa-de-estagio-tecnico-2023\/","title":{"rendered":"Suzano est\u00e1 com inscri\u00e7\u00f5es abertas para o Programa de Est\u00e1gio T\u00e9cnico 2023"},"content":{"rendered":"<p class=\"v1MsoNoSpacing\">A Suzano est\u00e1 com inscri\u00e7\u00f5es abertas para o ciclo do primeiro semestre de 2023 do Plante o Futuro, seu Programa de Est\u00e1gio T\u00e9cnico. As novas oportunidades s\u00e3o destinadas a talentos que estejam cursando o Ensino T\u00e9cnico at\u00e9 janeiro de 2024.<\/p>\n<p class=\"v1MsoNoSpacing\">A companhia disponibilizar\u00e1 110 vagas em \u00e1reas industriais, florestais e corporativas, distribu\u00eddas entre os estados de S\u00e3o Paulo, Bahia, Cear\u00e1, Esp\u00edrito Santo, Maranh\u00e3o, Mato Grosso do Sul e Par\u00e1. \u00c9 necess\u00e1rio que a pessoa candidata tenha disponibilidade de atua\u00e7\u00e3o na localidade selecionada, uma vez que as posi\u00e7\u00f5es s\u00e3o presenciais.<\/p>\n<p class=\"v1MsoNoSpacing\">As vagas s\u00e3o voltadas a pessoas acima de 18 anos com disponibilidade para estagiar durante o per\u00edodo de um ano ou mais, cursando n\u00edvel t\u00e9cnico no per\u00edodo noturno em \u00e1reas como Papel e Celulose, Qu\u00edmica, Seguran\u00e7a do Trabalho, Log\u00edstica, Manuten\u00e7\u00e3o Mec\u00e2nica, Manuten\u00e7\u00e3o El\u00e9trica e Florestal, entre outras correlatas. \u00c9 necess\u00e1rio, tamb\u00e9m, que haja disponibilidade de atuar em per\u00edodo integral. Habilidades comportamentais s\u00e3o consideradas, destacando-se a pessoa candidata com perfil colaborativo e comunicativo.<\/p>\n<p class=\"v1MsoNoSpacing\">Os novos talentos iniciar\u00e3o a sua atua\u00e7\u00e3o na companhia a partir de fevereiro de 2023 e ter\u00e3o acesso a benef\u00edcios como bolsa-aux\u00edlio, assist\u00eancia m\u00e9dica e seguro de vida, vale-refei\u00e7\u00e3o e vale-transporte, ou refeit\u00f3rio e fretado nas unidades industriais, al\u00e9m de um plano de desenvolvimento de carreira.<\/p>\n<p class=\"v1MsoNoSpacing\">&#8220;O programa de est\u00e1gio t\u00e9cnico\u00a0\u00e9 uma excelente oportunidade de iniciar carreira nas opera\u00e7\u00f5es da Suzano, j\u00e1 que conta com um plano de desenvolvimento para acelerar o aprendizado do estagi\u00e1rio, potencializando o seu crescimento profissional&#8221;, destaca Thiago Tavares, Gerente de Gente e Gest\u00e3o da Suzano.<\/p>\n<p class=\"v1MsoNoSpacing\">O processo seletivo para o Plante o Futuro ser\u00e1 online e contar\u00e1 com din\u00e2micas e entrevistas. Para se candidatar, \u00e9 necess\u00e1rio se inscrever at\u00e9 31 de outubro no site\u00a0<a href=\"https:\/\/jobs.kenoby.com\/estagiotecnicosuzano\" target=\"_blank\" rel=\"noopener noreferrer\">https:\/\/jobs.kenoby.com\/estagiotecnicosuzano<\/a>.<\/p>\n","protected":false},"excerpt":{"rendered":"<p>A Suzano est\u00e1 com inscri\u00e7\u00f5es abertas para o ciclo do primeiro semestre de 2023 do Plante o Futuro, seu Programa de Est\u00e1gio T\u00e9cnico. As novas oportunidades s\u00e3o destinadas a talentos que estejam cursando o Ensino T\u00e9cnico at\u00e9 janeiro de 2024. A companhia disponibilizar\u00e1 110 vagas em \u00e1reas industriais, florestais e corporativas, distribu\u00eddas entre os estados [&hellip;]<\/p>\n","protected":false},"author":3,"featured_media":12729,"comment_status":"open","ping_status":"open","sticky":false,"template":"","format":"standard","meta":{"om_disable_all_campaigns":false,"_monsterinsights_skip_tracking":false,"_monsterinsights_sitenote_active":false,"_monsterinsights_sitenote_note":"","_monsterinsights_sitenote_category":0,"footnotes":""},"categories":[30,33,36],"tags":[],"aioseo_notices":[],"_links":{"self":[{"href":"https:\/\/expressaoms.com.br\/index.php\/wp-json\/wp\/v2\/posts\/12728"}],"collection":[{"href":"https:\/\/expressaoms.com.br\/index.php\/wp-json\/wp\/v2\/posts"}],"about":[{"href":"https:\/\/expressaoms.com.br\/index.php\/wp-json\/wp\/v2\/types\/post"}],"author":[{"embeddable":true,"href":"https:\/\/expressaoms.com.br\/index.php\/wp-json\/wp\/v2\/users\/3"}],"replies":[{"embeddable":true,"href":"https:\/\/expressaoms.com.br\/index.php\/wp-json\/wp\/v2\/comments?post=12728"}],"version-history":[{"count":1,"href":"https:\/\/expressaoms.com.br\/index.php\/wp-json\/wp\/v2\/posts\/12728\/revisions"}],"predecessor-version":[{"id":12730,"href":"https:\/\/expressaoms.com.br\/index.php\/wp-json\/wp\/v2\/posts\/12728\/revisions\/12730"}],"wp:featuredmedia":[{"embeddable":true,"href":"https:\/\/expressaoms.com.br\/index.php\/wp-json\/wp\/v2\/media\/12729"}],"wp:attachment":[{"href":"https:\/\/expressaoms.com.br\/index.php\/wp-json\/wp\/v2\/media?parent=12728"}],"wp:term":[{"taxonomy":"category","embeddable":true,"href":"https:\/\/expressaoms.com.br\/index.php\/wp-json\/wp\/v2\/categories?post=12728"},{"taxonomy":"post_tag","embeddable":true,"href":"https:\/\/expressaoms.com.br\/index.php\/wp-json\/wp\/v2\/tags?post=12728"}],"curies":[{"name":"wp","href":"https:\/\/api.w.org\/{rel}","templated":true}]}}