{"id":12731,"date":"2022-10-04T13:38:54","date_gmt":"2022-10-04T16:38:54","guid":{"rendered":"https:\/\/expressaoms.com.br\/?p=12731"},"modified":"2022-10-04T13:38:54","modified_gmt":"2022-10-04T16:38:54","slug":"governador-reeleito-de-mg-declara-apoio-a-candidatura-de-bolsonaro","status":"publish","type":"post","link":"https:\/\/expressaoms.com.br\/index.php\/2022\/10\/04\/governador-reeleito-de-mg-declara-apoio-a-candidatura-de-bolsonaro\/","title":{"rendered":"Governador reeleito de MG declara apoio \u00e0 candidatura de Bolsonaro"},"content":{"rendered":"<p>O governador reeleito de Minas Gerais, Romeu Zema, declarou hoje (4) apoio \u00e0 candidatura \u00e0 reelei\u00e7\u00e3o de Jair Bolsonaro (PL) para a Presid\u00eancia. Os dois se reuniram na manh\u00e3 desta ter\u00e7a-feira no Pal\u00e1cio da Alvorada, em Bras\u00edlia.<img decoding=\"async\" src=\"https:\/\/agenciabrasil.ebc.com.br\/ebc.png?id=1486249&amp;o=node\" \/><img decoding=\"async\" src=\"https:\/\/agenciabrasil.ebc.com.br\/ebc.gif?id=1486249&amp;o=node\" \/><\/p>\n<p>\u201cN\u00e3o poderia deixar, nesse momento, de estar aqui colocando nossas diverg\u00eancias de lado. Eu sempre dialoguei com o presidente Bolsonaro. Sabemos que em muitas coisas convergimos e em outras n\u00e3o, mas \u00e9 o momento em que o Brasil precisa caminhar para frente e eu acredito muito mais na proposta do presidente Bolsonaro do que na proposta do advers\u00e1rio\u201d, disse Zema.<\/p>\n<p>De acordo com Bolsonaro, ele pretende ir, ao menos, tr\u00eas vezes a Minas Gerais, em agendas de campanha. Uma delas j\u00e1 est\u00e1 confirmada: um encontro religioso no pr\u00f3ximo dia 12.<\/p>\n<p>\u201cEsse apoio do governador Zema \u00e9 muito bem-vindo. \u00c9 o segundo estado que tem o maior col\u00e9gio eleitoral do Brasil e \u00e9 decisivo, s\u00f3 quem ganha l\u00e1, diz a tradi\u00e7\u00e3o, pode realmente chegar \u00e0 Presid\u00eancia da Rep\u00fablica, ent\u00e3o, h\u00e1 esse interesse meu [pelo apoio]\u201d, disse Bolsonaro. \u201cO Zema goza de grande credibilidade dado a administra\u00e7\u00e3o que ele fez e esse apoio \u00e9 decisivo. Em Minas Gerais vamos ter uma boa diferen\u00e7a para o advers\u00e1rio\u201d, completou.<\/p>\n<p>No\u00a0<a href=\"https:\/\/agenciabrasil.ebc.com.br\/politica\/noticia\/2022-10\/confirmado-segundo-turno-nas-eleicoes-presidenciais\" target=\"_blank\" rel=\"noopener\">primeiro turno das elei\u00e7\u00f5es<\/a>, o candidato Luiz In\u00e1cio Lula da Silva obteve 48,29% dos votos v\u00e1lidos em Minas Gerais. Bolsonaro ficou com 43,6% de prefer\u00eancia do eleitorado.<\/p>\n<p>Para o segundo turno, Bolsonaro j\u00e1 conversou com outros governadores reeleitos em busca de apoio, como Cl\u00e1udio Castro, do Rio de Janeiro, Ronaldo Caiado, de Goi\u00e1s, e Ratinho J\u00fanior, do Paran\u00e1.<\/p>\n<p>Entre os candidatos \u00e0 Presid\u00eancia que foram derrotados no primeiro turno, Bolsonaro disse que Padre Kelmon (PTB) tem um valor simb\u00f3lico muito grande para sua candidatura e tamb\u00e9m vai em busca desse apoio. \u201cApesar de ter tido uma vota\u00e7\u00e3o bastante pequena, ele \u00e9 uma pessoa que mostrou que os crist\u00e3os t\u00eam que ser respeitados no Brasil e no mundo\u201d, disse.<\/p>\n<h2>13\u00ba do Aux\u00edlio Brasil<\/h2>\n<p>O candidato \u00e0 reelei\u00e7\u00e3o, Jair Bolsonaro, disse ainda que, al\u00e9m de um Aux\u00edlio Brasil de R$ 600, a partir do ano que vem, vai pagar uma 13\u00aa parcela do programa para as mulheres. Segundo ele, 17 milh\u00f5es de mulheres ser\u00e3o beneficiadas.<\/p>\n<p>\u201cVamos manter esse valor [R$ 600] j\u00e1 garantido, temos fonte para esses recursos. E, a partir do ano que vem, o 13\u00ba do Aux\u00edlio Brasil, al\u00e9m de ajudar as pessoas mais pobres, mais necessitadas, ajuda nas receitas de munic\u00edpios e dos pr\u00f3prios estados. Ouso dizer que, em grande parte, o que ajudou a economia a n\u00e3o colapsar durante a pandemia foi o Aux\u00edlio Emergencial de R$ 600\u201d, disse.<\/p>\n","protected":false},"excerpt":{"rendered":"<p>O governador reeleito de Minas Gerais, Romeu Zema, declarou hoje (4) apoio \u00e0 candidatura \u00e0 reelei\u00e7\u00e3o de Jair Bolsonaro (PL) para a Presid\u00eancia. Os dois se reuniram na manh\u00e3 desta ter\u00e7a-feira no Pal\u00e1cio da Alvorada, em Bras\u00edlia. \u201cN\u00e3o poderia deixar, nesse momento, de estar aqui colocando nossas diverg\u00eancias de lado. Eu sempre dialoguei com o [&hellip;]<\/p>\n","protected":false},"author":3,"featured_media":12732,"comment_status":"open","ping_status":"open","sticky":false,"template":"","format":"standard","meta":{"om_disable_all_campaigns":false,"_monsterinsights_skip_tracking":false,"_monsterinsights_sitenote_active":false,"_monsterinsights_sitenote_note":"","_monsterinsights_sitenote_category":0,"footnotes":""},"categories":[30,196,42],"tags":[],"aioseo_notices":[],"_links":{"self":[{"href":"https:\/\/expressaoms.com.br\/index.php\/wp-json\/wp\/v2\/posts\/12731"}],"collection":[{"href":"https:\/\/expressaoms.com.br\/index.php\/wp-json\/wp\/v2\/posts"}],"about":[{"href":"https:\/\/expressaoms.com.br\/index.php\/wp-json\/wp\/v2\/types\/post"}],"author":[{"embeddable":true,"href":"https:\/\/expressaoms.com.br\/index.php\/wp-json\/wp\/v2\/users\/3"}],"replies":[{"embeddable":true,"href":"https:\/\/expressaoms.com.br\/index.php\/wp-json\/wp\/v2\/comments?post=12731"}],"version-history":[{"count":1,"href":"https:\/\/expressaoms.com.br\/index.php\/wp-json\/wp\/v2\/posts\/12731\/revisions"}],"predecessor-version":[{"id":12733,"href":"https:\/\/expressaoms.com.br\/index.php\/wp-json\/wp\/v2\/posts\/12731\/revisions\/12733"}],"wp:featuredmedia":[{"embeddable":true,"href":"https:\/\/expressaoms.com.br\/index.php\/wp-json\/wp\/v2\/media\/12732"}],"wp:attachment":[{"href":"https:\/\/expressaoms.com.br\/index.php\/wp-json\/wp\/v2\/media?parent=12731"}],"wp:term":[{"taxonomy":"category","embeddable":true,"href":"https:\/\/expressaoms.com.br\/index.php\/wp-json\/wp\/v2\/categories?post=12731"},{"taxonomy":"post_tag","embeddable":true,"href":"https:\/\/expressaoms.com.br\/index.php\/wp-json\/wp\/v2\/tags?post=12731"}],"curies":[{"name":"wp","href":"https:\/\/api.w.org\/{rel}","templated":true}]}}