{"id":12740,"date":"2022-10-04T15:04:46","date_gmt":"2022-10-04T18:04:46","guid":{"rendered":"https:\/\/expressaoms.com.br\/?p=12740"},"modified":"2022-10-04T15:04:46","modified_gmt":"2022-10-04T18:04:46","slug":"venda-de-veiculos-tem-alta-de-1933-em-setembro-diz-fenabrave","status":"publish","type":"post","link":"https:\/\/expressaoms.com.br\/index.php\/2022\/10\/04\/venda-de-veiculos-tem-alta-de-1933-em-setembro-diz-fenabrave\/","title":{"rendered":"Venda de ve\u00edculos tem alta de 19,33% em setembro, diz Fenabrave"},"content":{"rendered":"<p>A venda de ve\u00edculos automotores novos em setembro registrou alta de 19,33% na compara\u00e7\u00e3o com o mesmo m\u00eas de 2021. No m\u00eas passado foram comercializados 335.304 unidades, ante 280.979 em setembro do ano passado. A Federa\u00e7\u00e3o Nacional da Distribui\u00e7\u00e3o de Ve\u00edculos Automotores (Fenabrave) divulgou hoje (4) os dados de setembro.<img decoding=\"async\" src=\"https:\/\/agenciabrasil.ebc.com.br\/ebc.png?id=1486301&amp;o=node\" \/><img decoding=\"async\" src=\"https:\/\/agenciabrasil.ebc.com.br\/ebc.gif?id=1486301&amp;o=node\" \/><\/p>\n<p>Na compara\u00e7\u00e3o com agosto, as vendas registraram queda de 3,26% em setembro. J\u00e1 no acumulado de janeiro a setembro deste ano, houve alta de 2,1% na compara\u00e7\u00e3o com o mesmo per\u00edodo do ano passado<\/p>\n<p>Os dados da Fenabrave levam em conta as vendas de autom\u00f3veis e comerciais leves, caminh\u00f5es, \u00f4nibus, motocicletas e implementos rodovi\u00e1rios.<\/p>\n<h2>Segmentos<\/h2>\n<p>As vendas de autom\u00f3veis e comerciais leves tiveram eleva\u00e7\u00e3o nas vendas em setembro de 26,76% em rela\u00e7\u00e3o ao mesmo m\u00eas de 2021. J\u00e1 na compara\u00e7\u00e3o com o m\u00eas anterior, agosto de 2022, houve queda de 7,12%. No acumulado do ano, foi registrada queda de 5,08% em rela\u00e7\u00e3o ao mesmo per\u00edodo de 2021 para o segmento.<\/p>\n<p>No caso de caminh\u00f5es todos os \u00edndices ficaram negativos em setembro. Na compara\u00e7\u00e3o com o mesmo m\u00eas do ano passado, a queda \u00e9 de 4,02%. Na compara\u00e7\u00e3o com agosto, a retra\u00e7\u00e3o foi de 9,81%. De janeiro a setembro, a queda foi 1,8%, na compara\u00e7\u00e3o com o mesmo per\u00edodo de 2021.<\/p>\n<blockquote><p><em>&#8220;Essa queda se deve \u00e0 falta de componentes e ao fato de que caminh\u00e3o \u00e9 algo muito espec\u00edfico, feito por encomenda, com tecnologia muito maior do que a dos outros ve\u00edculos&#8221;.<\/em><\/p><\/blockquote>\n<p>As vendas de implementos rodovi\u00e1rios apresentaram crescimento de 7,73% na compara\u00e7\u00e3o com setembro do ano passado, mas tiveram queda de 5,39% ante agosto deste ano. No acumulado de janeiro a setembro a queda foi de 8,19%.<\/p>\n","protected":false},"excerpt":{"rendered":"<p>A venda de ve\u00edculos automotores novos em setembro registrou alta de 19,33% na compara\u00e7\u00e3o com o mesmo m\u00eas de 2021. No m\u00eas passado foram comercializados 335.304 unidades, ante 280.979 em setembro do ano passado. A Federa\u00e7\u00e3o Nacional da Distribui\u00e7\u00e3o de Ve\u00edculos Automotores (Fenabrave) divulgou hoje (4) os dados de setembro. Na compara\u00e7\u00e3o com agosto, as [&hellip;]<\/p>\n","protected":false},"author":3,"featured_media":12741,"comment_status":"open","ping_status":"open","sticky":false,"template":"","format":"standard","meta":{"om_disable_all_campaigns":false,"_monsterinsights_skip_tracking":false,"_monsterinsights_sitenote_active":false,"_monsterinsights_sitenote_note":"","_monsterinsights_sitenote_category":0,"footnotes":""},"categories":[31],"tags":[],"aioseo_notices":[],"_links":{"self":[{"href":"https:\/\/expressaoms.com.br\/index.php\/wp-json\/wp\/v2\/posts\/12740"}],"collection":[{"href":"https:\/\/expressaoms.com.br\/index.php\/wp-json\/wp\/v2\/posts"}],"about":[{"href":"https:\/\/expressaoms.com.br\/index.php\/wp-json\/wp\/v2\/types\/post"}],"author":[{"embeddable":true,"href":"https:\/\/expressaoms.com.br\/index.php\/wp-json\/wp\/v2\/users\/3"}],"replies":[{"embeddable":true,"href":"https:\/\/expressaoms.com.br\/index.php\/wp-json\/wp\/v2\/comments?post=12740"}],"version-history":[{"count":1,"href":"https:\/\/expressaoms.com.br\/index.php\/wp-json\/wp\/v2\/posts\/12740\/revisions"}],"predecessor-version":[{"id":12742,"href":"https:\/\/expressaoms.com.br\/index.php\/wp-json\/wp\/v2\/posts\/12740\/revisions\/12742"}],"wp:featuredmedia":[{"embeddable":true,"href":"https:\/\/expressaoms.com.br\/index.php\/wp-json\/wp\/v2\/media\/12741"}],"wp:attachment":[{"href":"https:\/\/expressaoms.com.br\/index.php\/wp-json\/wp\/v2\/media?parent=12740"}],"wp:term":[{"taxonomy":"category","embeddable":true,"href":"https:\/\/expressaoms.com.br\/index.php\/wp-json\/wp\/v2\/categories?post=12740"},{"taxonomy":"post_tag","embeddable":true,"href":"https:\/\/expressaoms.com.br\/index.php\/wp-json\/wp\/v2\/tags?post=12740"}],"curies":[{"name":"wp","href":"https:\/\/api.w.org\/{rel}","templated":true}]}}