{"id":12743,"date":"2022-10-04T15:27:48","date_gmt":"2022-10-04T18:27:48","guid":{"rendered":"https:\/\/expressaoms.com.br\/?p=12743"},"modified":"2022-10-04T15:29:33","modified_gmt":"2022-10-04T18:29:33","slug":"vereadores-aprovam-disponibilizacao-de-cadeira-de-rodas-em-comercio-de-grande-fluxo","status":"publish","type":"post","link":"https:\/\/expressaoms.com.br\/index.php\/2022\/10\/04\/vereadores-aprovam-disponibilizacao-de-cadeira-de-rodas-em-comercio-de-grande-fluxo\/","title":{"rendered":"Vereadores aprovam disponibiliza\u00e7\u00e3o de cadeira de rodas em com\u00e9rcio de grande fluxo"},"content":{"rendered":"<p>A C\u00e2mara Municipal de Tr\u00eas Lagoas aprovou, nesta ter\u00e7a-feira (4), o projeto de lei n\u00ba 71, que altera a ementa e o artigo 1\u00ba da Lei Municipal n\u00ba 3.308, de 2017, estabelecendo que supermercados, restaurantes e demais institui\u00e7\u00f5es comerciais de grande fluxo disponibilizem cadeiras de rodas para o uso de idosos, convalescentes ou pessoas com defici\u00eancia. A lei de 2017 obrigava a disponibiliza\u00e7\u00e3o apenas em institui\u00e7\u00f5es banc\u00e1rias, agora passa a ser mais ampla.<\/p>\n<p>A lei ainda determina que a exist\u00eancia de cadeiras de rodas dever\u00e1 constar em cartaz a ser afixado em local vis\u00edvel na entrada das institui\u00e7\u00f5es. O PL foi proposto pelos vereadores Evalda Reis, Andr\u00e9 Bittencourt e Marcus Baz\u00e9. A mat\u00e9ria ainda dever\u00e1 ser sancionada pelo Executivo.<\/p>\n<p>Tamb\u00e9m passaram por tramita\u00e7\u00e3o, na C\u00e2mara, os seguintes projetos de lei:<\/p>\n<p>Projeto de lei n\u00ba. 78 de 13 de junho de 2022: \u201cAutoriza o Poder Executivo a ceder em comodato, para posterior doa\u00e7\u00e3o, \u00e1rea \u00e0 empresa OLIVEIRA &amp; LOPES LTDA, e d\u00e1 outras provid\u00eancias\u201d. Proposto pelo Executivo, teve parecer favor\u00e1vel da Comiss\u00e3o Especial de Doa\u00e7\u00e3o de \u00c1reas e foi encaminhado para parecer da Comiss\u00e3o de Finan\u00e7as e Or\u00e7amento. Segundo o Executivo, a ind\u00fastria de artefatos t\u00eaxteis de uso dom\u00e9stico investir\u00e1 R$ 7,5 milh\u00f5es e gerar\u00e1 mais 24 empregos diretos e 50 indiretos.<\/p>\n<p>Projeto de lei n\u00ba. 75 de 13 de junho de 2022: &#8220;Disp\u00f5e sobre a revoga\u00e7\u00e3o da lei que menciona&#8221;. De autoria do Executivo, foi encaminhado para an\u00e1lise da Comiss\u00e3o de Sa\u00fade e Assist\u00eancia de Sa\u00fade.<\/p>\n<p>Projeto de lei n\u00ba. 97 de 04 de agosto de 2022: &#8220;Disp\u00f5e sobre medidas de transpar\u00eancia nas listagens de espera por vagas nos Centros de Educa\u00e7\u00e3o Infantil (CEI&#8217;S) e creches p\u00fablicas do munic\u00edpio de Tr\u00eas Lagoas-MS&#8221;. De autoria da vereadora Sayuri Baez, foi encaminhado para an\u00e1lise da Comiss\u00e3o de Educa\u00e7\u00e3o, Cultura e Desporto.<\/p>\n<p>Projeto de lei n\u00ba. 95 de 04 de agosto de 2022: &#8220;Autoriza a prefeitura a fornecer, cesta b\u00e1sica ou cart\u00e3o alimenta\u00e7\u00e3o durante o per\u00edodo de f\u00e9rias e recesso escolar aos alunos da rede p\u00fablica municipal e d\u00e1 outras provid\u00eancias&#8221;. Autoria do vereador Davis Martinelli, foi encaminhado para parecer da Comiss\u00e3o de Educa\u00e7\u00e3o, Cultura e Desporto.<\/p>\n<p>Projeto de lei n\u00ba. 98 de 04 de agosto de 2022: &#8220;Institui a Semana de Conscientiza\u00e7\u00e3o e Preven\u00e7\u00e3o da Doen\u00e7a de Alzheimer, dos dias 19 a 25 de setembro, no munic\u00edpio de Tr\u00eas Lagoas, e d\u00e1 outras provid\u00eancias&#8221;. Autoria do vereador Paulo Veron, encaminhado para a Comiss\u00e3o de Sa\u00fade e Assist\u00eancia Social.<\/p>\n<p><strong>Mudan\u00e7a do dia da sess\u00e3o<\/strong><\/p>\n<p>Em fun\u00e7\u00e3o dos feriados dos dias 11 e 12 de outubro, comemora\u00e7\u00e3o da cria\u00e7\u00e3o do Estado de Mato Grosso do Sul e de Nossa Senhora Aparecida, respectivamente, a sess\u00e3o ordin\u00e1ria foi transferida para o dia 20 de outubro, sendo mantida ainda a sess\u00e3o do dia 18 de outubro.<\/p>\n","protected":false},"excerpt":{"rendered":"<p>A C\u00e2mara Municipal de Tr\u00eas Lagoas aprovou, nesta ter\u00e7a-feira (4), o projeto de lei n\u00ba 71, que altera a ementa e o artigo 1\u00ba da Lei Municipal n\u00ba 3.308, de 2017, estabelecendo que supermercados, restaurantes e demais institui\u00e7\u00f5es comerciais de grande fluxo disponibilizem cadeiras de rodas para o uso de idosos, convalescentes ou pessoas com [&hellip;]<\/p>\n","protected":false},"author":3,"featured_media":12746,"comment_status":"open","ping_status":"open","sticky":false,"template":"","format":"standard","meta":{"om_disable_all_campaigns":false,"_monsterinsights_skip_tracking":false,"_monsterinsights_sitenote_active":false,"_monsterinsights_sitenote_note":"","_monsterinsights_sitenote_category":0,"footnotes":""},"categories":[42,48],"tags":[],"aioseo_notices":[],"_links":{"self":[{"href":"https:\/\/expressaoms.com.br\/index.php\/wp-json\/wp\/v2\/posts\/12743"}],"collection":[{"href":"https:\/\/expressaoms.com.br\/index.php\/wp-json\/wp\/v2\/posts"}],"about":[{"href":"https:\/\/expressaoms.com.br\/index.php\/wp-json\/wp\/v2\/types\/post"}],"author":[{"embeddable":true,"href":"https:\/\/expressaoms.com.br\/index.php\/wp-json\/wp\/v2\/users\/3"}],"replies":[{"embeddable":true,"href":"https:\/\/expressaoms.com.br\/index.php\/wp-json\/wp\/v2\/comments?post=12743"}],"version-history":[{"count":1,"href":"https:\/\/expressaoms.com.br\/index.php\/wp-json\/wp\/v2\/posts\/12743\/revisions"}],"predecessor-version":[{"id":12745,"href":"https:\/\/expressaoms.com.br\/index.php\/wp-json\/wp\/v2\/posts\/12743\/revisions\/12745"}],"wp:featuredmedia":[{"embeddable":true,"href":"https:\/\/expressaoms.com.br\/index.php\/wp-json\/wp\/v2\/media\/12746"}],"wp:attachment":[{"href":"https:\/\/expressaoms.com.br\/index.php\/wp-json\/wp\/v2\/media?parent=12743"}],"wp:term":[{"taxonomy":"category","embeddable":true,"href":"https:\/\/expressaoms.com.br\/index.php\/wp-json\/wp\/v2\/categories?post=12743"},{"taxonomy":"post_tag","embeddable":true,"href":"https:\/\/expressaoms.com.br\/index.php\/wp-json\/wp\/v2\/tags?post=12743"}],"curies":[{"name":"wp","href":"https:\/\/api.w.org\/{rel}","templated":true}]}}