{"id":12747,"date":"2022-10-04T15:36:45","date_gmt":"2022-10-04T18:36:45","guid":{"rendered":"https:\/\/expressaoms.com.br\/?p=12747"},"modified":"2022-10-04T15:36:45","modified_gmt":"2022-10-04T18:36:45","slug":"carreta-colide-com-trem-pega-fogo-e-motorista-fica-ferido-em-ms","status":"publish","type":"post","link":"https:\/\/expressaoms.com.br\/index.php\/2022\/10\/04\/carreta-colide-com-trem-pega-fogo-e-motorista-fica-ferido-em-ms\/","title":{"rendered":"Carreta colide com trem, pega fogo e motorista fica ferido em MS"},"content":{"rendered":"<p>Um motorista, de 38 anos, ficou ferido depois de colis\u00e3o de carreta com um trem, na zona rural de Cassil\u00e2ndia (MS), nessa segunda-feira (3). Ap\u00f3s a batida, a carreta pegou fogo.<\/p>\n<p>Segundo o Corpo de Bombeiros, o acidente ocorreu na regi\u00e3o das Sete Placas, a cerca de 50 km do per\u00edmetro urbano. Conforme apurado pelos bombeiros, o motorista da carreta teria parado em cima da ferrovia sem perceber que o trem se aproximava. Sem tempo suficiente para conseguir parar, o comboio atingiu o ve\u00edculo carregado com calc\u00e1rio.<\/p>\n<p>Antes do ve\u00edculo ser destru\u00eddo pelas chamas, o motorista conseguiu sair pela porta do passageiro e pulou da cabine. O homem foi levado para o hospital do munic\u00edpio, com um ferimento no nariz.<\/p>\n<p>O maquinista n\u00e3o sofreu ferimentos. O trem n\u00e3o estava carregado e depois que a situa\u00e7\u00e3o foi controlada, ele seguiu viagem com destino a Rondon\u00f3polis.<\/p>\n<p>&nbsp;<\/p>\n<pre>Fonte: G1<\/pre>\n<p>&nbsp;<\/p>\n","protected":false},"excerpt":{"rendered":"<p>Um motorista, de 38 anos, ficou ferido depois de colis\u00e3o de carreta com um trem, na zona rural de Cassil\u00e2ndia (MS), nessa segunda-feira (3). Ap\u00f3s a batida, a carreta pegou fogo. Segundo o Corpo de Bombeiros, o acidente ocorreu na regi\u00e3o das Sete Placas, a cerca de 50 km do per\u00edmetro urbano. Conforme apurado pelos [&hellip;]<\/p>\n","protected":false},"author":3,"featured_media":12748,"comment_status":"open","ping_status":"open","sticky":false,"template":"","format":"standard","meta":{"om_disable_all_campaigns":false,"_monsterinsights_skip_tracking":false,"_monsterinsights_sitenote_active":false,"_monsterinsights_sitenote_note":"","_monsterinsights_sitenote_category":0,"footnotes":""},"categories":[301,193],"tags":[],"aioseo_notices":[],"_links":{"self":[{"href":"https:\/\/expressaoms.com.br\/index.php\/wp-json\/wp\/v2\/posts\/12747"}],"collection":[{"href":"https:\/\/expressaoms.com.br\/index.php\/wp-json\/wp\/v2\/posts"}],"about":[{"href":"https:\/\/expressaoms.com.br\/index.php\/wp-json\/wp\/v2\/types\/post"}],"author":[{"embeddable":true,"href":"https:\/\/expressaoms.com.br\/index.php\/wp-json\/wp\/v2\/users\/3"}],"replies":[{"embeddable":true,"href":"https:\/\/expressaoms.com.br\/index.php\/wp-json\/wp\/v2\/comments?post=12747"}],"version-history":[{"count":1,"href":"https:\/\/expressaoms.com.br\/index.php\/wp-json\/wp\/v2\/posts\/12747\/revisions"}],"predecessor-version":[{"id":12749,"href":"https:\/\/expressaoms.com.br\/index.php\/wp-json\/wp\/v2\/posts\/12747\/revisions\/12749"}],"wp:featuredmedia":[{"embeddable":true,"href":"https:\/\/expressaoms.com.br\/index.php\/wp-json\/wp\/v2\/media\/12748"}],"wp:attachment":[{"href":"https:\/\/expressaoms.com.br\/index.php\/wp-json\/wp\/v2\/media?parent=12747"}],"wp:term":[{"taxonomy":"category","embeddable":true,"href":"https:\/\/expressaoms.com.br\/index.php\/wp-json\/wp\/v2\/categories?post=12747"},{"taxonomy":"post_tag","embeddable":true,"href":"https:\/\/expressaoms.com.br\/index.php\/wp-json\/wp\/v2\/tags?post=12747"}],"curies":[{"name":"wp","href":"https:\/\/api.w.org\/{rel}","templated":true}]}}