{"id":12983,"date":"2022-10-13T09:42:37","date_gmt":"2022-10-13T12:42:37","guid":{"rendered":"https:\/\/expressaoms.com.br\/?p=12983"},"modified":"2022-10-13T09:42:37","modified_gmt":"2022-10-13T12:42:37","slug":"festa-das-criancas-proporciona-diversao-e-alegria-para-as-criancas-brasilandenses","status":"publish","type":"post","link":"https:\/\/expressaoms.com.br\/index.php\/2022\/10\/13\/festa-das-criancas-proporciona-diversao-e-alegria-para-as-criancas-brasilandenses\/","title":{"rendered":"Festa das Crian\u00e7as proporciona divers\u00e3o e alegria para as crian\u00e7as brasilandenses"},"content":{"rendered":"<p>A tarde de quarta-feira (12) foi regada de muita divers\u00e3o, guloseima e alegria para as crian\u00e7as brasilandenses na Pra\u00e7a da Pedra. A Festa das Crian\u00e7as foi promovida pela Prefeitura de Brasil\u00e2ndia, com o aux\u00edlio de todas as secretarias do Munic\u00edpio.<\/p>\n<p>O \u00faltimo evento desse porte foi realizado no ano de 2019, entretanto, com a chegada da Pandemia da Covid-19, foi paralisada. Ap\u00f3s dois anos, a festa retornou com tudo garantindo a divers\u00e3o para os baixinhos.<\/p>\n<p>Foram montadas barracas, onde foram oferecidas para toda a popula\u00e7\u00e3o presente: \u00e1gua, refrigerante, frutas, pipoca, cachorro-quente e picol\u00e9.<\/p>\n<p>Al\u00e9m disso, as crian\u00e7as tamb\u00e9m puderam participar de din\u00e2micas organizada pelo escoteiros Luzeiros do Campo, al\u00e9m de oficinas de leitura, pintura com l\u00e1pis de cor, pintura facial.<\/p>\n<p>Os baixinhos tamb\u00e9m receberam orienta\u00e7\u00f5es na \u00e1rea de nutri\u00e7\u00e3o, odontologia, fonoaudiologia e combate ao mosquito da Dengue.<\/p>\n<p>E em torno da Pra\u00e7a da Pedra, tamb\u00e9m foi disponibilizado diversos brinquedos infl\u00e1veis, onde crian\u00e7as puderam passar pelo escorregador, castelo de bolinhas e at\u00e9 pula-pula.<\/p>\n<p>A festa tamb\u00e9m teve distribui\u00e7\u00e3o de bolas para todas as crian\u00e7as presentes.<\/p>\n<p>O evento contou com a presen\u00e7a do prefeito Dr. Antonio Thiago, ao lado de sua esposa, a psic\u00f3loga Cibele Thiago, o vice-prefeito, Dr. Gabriel Baez que marcou presen\u00e7a junto com a sua esposa, Carol Moares e suas filhas L\u00edvia e \u00cdsis.<\/p>\n","protected":false},"excerpt":{"rendered":"<p>A tarde de quarta-feira (12) foi regada de muita divers\u00e3o, guloseima e alegria para as crian\u00e7as brasilandenses na Pra\u00e7a da Pedra. A Festa das Crian\u00e7as foi promovida pela Prefeitura de Brasil\u00e2ndia, com o aux\u00edlio de todas as secretarias do Munic\u00edpio. O \u00faltimo evento desse porte foi realizado no ano de 2019, entretanto, com a chegada [&hellip;]<\/p>\n","protected":false},"author":2,"featured_media":12984,"comment_status":"open","ping_status":"open","sticky":false,"template":"","format":"standard","meta":{"om_disable_all_campaigns":false,"_monsterinsights_skip_tracking":false,"_monsterinsights_sitenote_active":false,"_monsterinsights_sitenote_note":"","_monsterinsights_sitenote_category":0,"footnotes":""},"categories":[26,193],"tags":[],"aioseo_notices":[],"_links":{"self":[{"href":"https:\/\/expressaoms.com.br\/index.php\/wp-json\/wp\/v2\/posts\/12983"}],"collection":[{"href":"https:\/\/expressaoms.com.br\/index.php\/wp-json\/wp\/v2\/posts"}],"about":[{"href":"https:\/\/expressaoms.com.br\/index.php\/wp-json\/wp\/v2\/types\/post"}],"author":[{"embeddable":true,"href":"https:\/\/expressaoms.com.br\/index.php\/wp-json\/wp\/v2\/users\/2"}],"replies":[{"embeddable":true,"href":"https:\/\/expressaoms.com.br\/index.php\/wp-json\/wp\/v2\/comments?post=12983"}],"version-history":[{"count":1,"href":"https:\/\/expressaoms.com.br\/index.php\/wp-json\/wp\/v2\/posts\/12983\/revisions"}],"predecessor-version":[{"id":12985,"href":"https:\/\/expressaoms.com.br\/index.php\/wp-json\/wp\/v2\/posts\/12983\/revisions\/12985"}],"wp:featuredmedia":[{"embeddable":true,"href":"https:\/\/expressaoms.com.br\/index.php\/wp-json\/wp\/v2\/media\/12984"}],"wp:attachment":[{"href":"https:\/\/expressaoms.com.br\/index.php\/wp-json\/wp\/v2\/media?parent=12983"}],"wp:term":[{"taxonomy":"category","embeddable":true,"href":"https:\/\/expressaoms.com.br\/index.php\/wp-json\/wp\/v2\/categories?post=12983"},{"taxonomy":"post_tag","embeddable":true,"href":"https:\/\/expressaoms.com.br\/index.php\/wp-json\/wp\/v2\/tags?post=12983"}],"curies":[{"name":"wp","href":"https:\/\/api.w.org\/{rel}","templated":true}]}}