{"id":12986,"date":"2022-10-13T09:44:00","date_gmt":"2022-10-13T12:44:00","guid":{"rendered":"https:\/\/expressaoms.com.br\/?p=12986"},"modified":"2022-10-13T09:44:00","modified_gmt":"2022-10-13T12:44:00","slug":"brasilandia-recebe-pela-primeira-vez-o-festival-suino-brasa-fest","status":"publish","type":"post","link":"https:\/\/expressaoms.com.br\/index.php\/2022\/10\/13\/brasilandia-recebe-pela-primeira-vez-o-festival-suino-brasa-fest\/","title":{"rendered":"Brasil\u00e2ndia recebe pela primeira vez o Festival Su\u00edno Brasa Fest"},"content":{"rendered":"<p>O 1\u00ba Festival Su\u00edno Brasa Fest movimentou o in\u00edcio da semana o Munic\u00edpio de Brasil\u00e2ndia. O evento totalmente gratuito reuniu empresas do ramo de agroneg\u00f3cio, com\u00e9rcio e artistas da cidade e do Estado para o evento organizado pelo Movimento Mulheres Empreendedoras e Prefeitura de Brasil\u00e2ndia.<\/p>\n<p>O Est\u00e1dio Municipal Joaquim C\u00e2ndido da Silva foi preparado com uma grande estrutura para atender a toda demanda do evento.<\/p>\n<p>Na abertura do evento, domingo (09), contou com o 1\u00ba Almo\u00e7o Solid\u00e1rio, tendo a parceria do Hospital e AVCC. O evento marcou a presen\u00e7a de quase duas mil pessoas que saborearam o Porco no Rolete, al\u00e9m de atra\u00e7\u00f5es dos artistas locais Paulo Vini e Diego, P\u00e2mela Estevam, Isabela Germano e Hillary Fernandes e binguinho nos intervalos.<\/p>\n<p>Outro momento marcante foi a homenagem realizada \u00e0 fam\u00edlia do saudoso Arthur Jos\u00e9 H\u00f6fig J\u00fanior, que foi pioneiro no ramo de suinocultura em Brasil\u00e2ndia. O filho Dr. H\u00e9lder H\u00f6fig e o genro, F\u00e1bio de Barros receberam as homenagens.<\/p>\n<p>Na segunda-feira (10), o evento teve a abertura de 09 stands de diversos segmentos do agroneg\u00f3cio e tamb\u00e9m mais de 24 barracas oferecendo v\u00e1rios tipos de alimentos entre doces, salgados e bebidas em geral. E para completar, houve a apresenta\u00e7\u00e3o da dupla Wilson e Cristiano.<\/p>\n<p>Na ter\u00e7a-feira (11), a festa seguiu e teve como atra\u00e7\u00e3o principal no palco a dupla Jo\u00e3o Bosco e Vin\u00edcius.<\/p>\n<p>O 1\u00ba Su\u00edno Brasa Fest foi realizado pelo Movimento Mulheres Empreendedoras e teve o apoio da Prefeitura de Brasil\u00e2ndia, C\u00e2mara Municipal e Governo do Estado.<\/p>\n","protected":false},"excerpt":{"rendered":"<p>O 1\u00ba Festival Su\u00edno Brasa Fest movimentou o in\u00edcio da semana o Munic\u00edpio de Brasil\u00e2ndia. O evento totalmente gratuito reuniu empresas do ramo de agroneg\u00f3cio, com\u00e9rcio e artistas da cidade e do Estado para o evento organizado pelo Movimento Mulheres Empreendedoras e Prefeitura de Brasil\u00e2ndia. O Est\u00e1dio Municipal Joaquim C\u00e2ndido da Silva foi preparado com [&hellip;]<\/p>\n","protected":false},"author":2,"featured_media":12987,"comment_status":"open","ping_status":"open","sticky":false,"template":"","format":"standard","meta":{"om_disable_all_campaigns":false,"_monsterinsights_skip_tracking":false,"_monsterinsights_sitenote_active":false,"_monsterinsights_sitenote_note":"","_monsterinsights_sitenote_category":0,"footnotes":""},"categories":[26,30,193],"tags":[],"aioseo_notices":[],"_links":{"self":[{"href":"https:\/\/expressaoms.com.br\/index.php\/wp-json\/wp\/v2\/posts\/12986"}],"collection":[{"href":"https:\/\/expressaoms.com.br\/index.php\/wp-json\/wp\/v2\/posts"}],"about":[{"href":"https:\/\/expressaoms.com.br\/index.php\/wp-json\/wp\/v2\/types\/post"}],"author":[{"embeddable":true,"href":"https:\/\/expressaoms.com.br\/index.php\/wp-json\/wp\/v2\/users\/2"}],"replies":[{"embeddable":true,"href":"https:\/\/expressaoms.com.br\/index.php\/wp-json\/wp\/v2\/comments?post=12986"}],"version-history":[{"count":1,"href":"https:\/\/expressaoms.com.br\/index.php\/wp-json\/wp\/v2\/posts\/12986\/revisions"}],"predecessor-version":[{"id":12988,"href":"https:\/\/expressaoms.com.br\/index.php\/wp-json\/wp\/v2\/posts\/12986\/revisions\/12988"}],"wp:featuredmedia":[{"embeddable":true,"href":"https:\/\/expressaoms.com.br\/index.php\/wp-json\/wp\/v2\/media\/12987"}],"wp:attachment":[{"href":"https:\/\/expressaoms.com.br\/index.php\/wp-json\/wp\/v2\/media?parent=12986"}],"wp:term":[{"taxonomy":"category","embeddable":true,"href":"https:\/\/expressaoms.com.br\/index.php\/wp-json\/wp\/v2\/categories?post=12986"},{"taxonomy":"post_tag","embeddable":true,"href":"https:\/\/expressaoms.com.br\/index.php\/wp-json\/wp\/v2\/tags?post=12986"}],"curies":[{"name":"wp","href":"https:\/\/api.w.org\/{rel}","templated":true}]}}