{"id":13025,"date":"2022-10-13T17:06:18","date_gmt":"2022-10-13T20:06:18","guid":{"rendered":"https:\/\/expressaoms.com.br\/?p=13025"},"modified":"2022-10-13T17:06:18","modified_gmt":"2022-10-13T20:06:18","slug":"cade-abre-investigacao-sobre-institutos-de-pesquisa-eleitoral","status":"publish","type":"post","link":"https:\/\/expressaoms.com.br\/index.php\/2022\/10\/13\/cade-abre-investigacao-sobre-institutos-de-pesquisa-eleitoral\/","title":{"rendered":"Cade abre investiga\u00e7\u00e3o sobre institutos de pesquisa eleitoral"},"content":{"rendered":"<p>O Conselho Administrativo de Defesa Econ\u00f4mica (Cade) abriu inqu\u00e9rito interno para investigar os institutos de pesquisa. O \u00f3rg\u00e3o vai analisar se os resultados apresentados sobre inten\u00e7\u00f5es de voto para presidente da Rep\u00fablica no primeiro turno das elei\u00e7\u00f5es podem ter sido adulterados para gerar impactos no mercado.<\/p>\n<p>De acordo com representa\u00e7\u00e3o feita no conselho, ocorreram erros na apresenta\u00e7\u00e3o dos resultados, tendo em vista a discrep\u00e2ncia do que apontavam as pesquisas eleitorais e o resultado das urnas.<\/p>\n<p>&#8220;Os erros foram evidenciados pelos resultados das urnas apuradas, quando se constatou que as pesquisas de diferentes institutos de pesquisa, tais como o Datafolha, Ipec, Ipespe, entre outros, erraram, para al\u00e9m das margens de erro, nas pontua\u00e7\u00f5es em rela\u00e7\u00e3o a alguns dos candidatos&#8221;, diz o texto.<\/p>\n<p>De acordo com o documento elaborado pelo presidente do Cade, Alexandre Cordeiro, para determinar abertura de investiga\u00e7\u00e3o, existem ind\u00edcios de que os resultados n\u00e3o s\u00e3o erros casuais, mas sim a\u00e7\u00f5es com o intuito de gerar impacto no mercado financeiro.<\/p>\n<p>&#8220;Com efeito, chamou a aten\u00e7\u00e3o deste Conselho a grande diferen\u00e7a apresentada entre as pesquisas e o resultado das Elei\u00e7\u00f5es publicado pelo Tribunal Superior Eleitoral \u2014 TSE. A discrep\u00e2ncia das pesquisas e do resultado \u00e9 t\u00e3o grande que se verificam ind\u00edcios de que os erros n\u00e3o sejam casu\u00edsticos, e sim intencionais, por meio de uma a\u00e7\u00e3o orquestrada dos institutos de pesquisa na forma de cartel para manipular em conjunto o mercado e, em \u00faltima inst\u00e2ncia, as elei\u00e7\u00f5es&#8221;, descreve o documento.<\/p>\n<p>Durante a campanha eleitoral, com rela\u00e7\u00e3o \u00e0 disputa presidencial os principais institutos de pesquisa anunciaram resultados muito diferentes daqueles verificados nas urnas de vota\u00e7\u00e3o. O Datafolha e o Ipec davam menos de 40% de \u00edndice de votos a Jair Bolsonaro (PL), que teve 43,2% no fim da apura\u00e7\u00e3o. Ao mesmo tempo, os dois institutos tamb\u00e9m apontavam possibilidade de vit\u00f3ria no primeiro turno de Lula (PT), o que n\u00e3o aconteceu.<\/p>\n<p><strong>Assunto est\u00e1 no Congresso Nacional<\/strong><\/p>\n<p>Representantes de institutos de pesquisa e da Justi\u00e7a Eleitoral e cientistas pol\u00edticos podem ser convidados a participar de audi\u00eancia p\u00fablica na Comiss\u00e3o de Transpar\u00eancia do Senado para explicar as diverg\u00eancias entre os levantamentos de inten\u00e7\u00e3o de voto e os resultados das urnas no primeiro turno das elei\u00e7\u00f5es. O requerimento \u00e9 do senador Carlos Portinho (PL-RJ), l\u00edder do governo no Senado.<\/p>\n<p>O senador pede a presen\u00e7a de 15 pessoas e entidades, inclusive o ministro do Tribunal Superior Eleitoral (TSE), Alexandre de Moraes. O requerimento tamb\u00e9m cita o nome da CEO do Ipec (ex-Ibope), Marcia Cavallari; do diretor do Datafolha, Mauro Paulino; e do diretor da Quaest, Felipe Nunes (veja todos os nomes no final da reportagem).<\/p>\n<p>&#8220;\u00c9 preciso discutir seriamente esse tema, saber se tudo n\u00e3o passa de erros graves de metodologia ou se existe algo pior, como a inten\u00e7\u00e3o deliberada dos institutos e\/ou de seus contratantes de manipular a opini\u00e3o dos eleitores&#8221;, defende o senador na justificativa do requerimento. A reuni\u00e3o que vai votar o pedido est\u00e1 marcada para as 14h30.<\/p>\n<p>Se aprovada, essa audi\u00eancia deve acontecer antes da instala\u00e7\u00e3o da CPI (Comiss\u00e3o Parlamentar de Inqu\u00e9rito) dos Institutos de Pesquisa, que, embora tenha conseguido assinaturas suficientes para ser lida no plen\u00e1rio da Casa, ainda est\u00e1 sob an\u00e1lise do presidente do Senado, Rodrigo Pacheco (PSD-MG).<\/p>\n<p>Segundo apurou a reportagem, ainda n\u00e3o h\u00e1 previs\u00e3o para que a CPI seja lida em plen\u00e1rio e instalada no Senado. Isso porque existem outras seis CPIs na fila para abertura: desmatamento na Amaz\u00f4nia, ONGs que atuam na regi\u00e3o Norte, obras inacabadas do Minist\u00e9rio da Educa\u00e7\u00e3o (MEC) nos governos do PT, narcotr\u00e1fico, crime organizado no Norte e Nordeste e atua\u00e7\u00e3o de pastores no MEC.<\/p>\n<p>Veja os nomes que podem ser convidados para a audi\u00eancia p\u00fablica na Comiss\u00e3o de Transpar\u00eancia:<\/p>\n<p>\u2022 ministro Alexandre de Moraes \u2013 presidente do TSE;<br \/>\n\u2022 Dulio Novaes \u2013 presidente da Abep;<br \/>\n\u2022 Marcia Cavallari Nunes \u2013 CEO do Ipec (ex-Ibope);<br \/>\n\u2022 Rodolfo Costa Pinto \u2013 s\u00f3cio-diretor e coordenador do Poder360;<br \/>\n\u2022 Mauro Paulino \u2013 diretor do Datafolha;<br \/>\n\u2022 Felipe Nunes \u2013 diretor da Quaest;<br \/>\n\u2022 Andrei Roman \u2013 CEO da AtlasIntel;<br \/>\n\u2022 Marcelo Tokarski \u2013 diretor do FSB;<br \/>\n\u2022 Murilo Hidalgo \u2013 diretor-presidente da Paran\u00e1 Pesquisas;<br \/>\n\u2022 Marcelo Souza \u2013 diretor do MDA;<br \/>\n\u2022 Jos\u00e9 Luiz Soares Orrico \u2013 fundador e diretor da Futura Intelig\u00eancia;<br \/>\n\u2022 Erinaldo Aparecido Patr\u00edcio \u2013 diretor de pesquisas e an\u00e1lise e investiga\u00e7\u00e3o de mercado do Instituto Brasmarket;<br \/>\n\u2022 Antonio Lavareda \u2013 cientista pol\u00edtico e diretor do Ipespe;<br \/>\n\u2022 Paulo Kramer \u2013 cientista pol\u00edtico; e<br \/>\n\u2022 F\u00e1bio Gomes \u2013 soci\u00f3logo e especialista em pesquisas.<\/p>\n<p>&nbsp;<\/p>\n<pre>Fonte: R7<\/pre>\n","protected":false},"excerpt":{"rendered":"<p>O Conselho Administrativo de Defesa Econ\u00f4mica (Cade) abriu inqu\u00e9rito interno para investigar os institutos de pesquisa. O \u00f3rg\u00e3o vai analisar se os resultados apresentados sobre inten\u00e7\u00f5es de voto para presidente da Rep\u00fablica no primeiro turno das elei\u00e7\u00f5es podem ter sido adulterados para gerar impactos no mercado. De acordo com representa\u00e7\u00e3o feita no conselho, ocorreram erros [&hellip;]<\/p>\n","protected":false},"author":3,"featured_media":13026,"comment_status":"open","ping_status":"open","sticky":false,"template":"","format":"standard","meta":{"om_disable_all_campaigns":false,"_monsterinsights_skip_tracking":false,"_monsterinsights_sitenote_active":false,"_monsterinsights_sitenote_note":"","_monsterinsights_sitenote_category":0,"footnotes":""},"categories":[196,42],"tags":[],"aioseo_notices":[],"_links":{"self":[{"href":"https:\/\/expressaoms.com.br\/index.php\/wp-json\/wp\/v2\/posts\/13025"}],"collection":[{"href":"https:\/\/expressaoms.com.br\/index.php\/wp-json\/wp\/v2\/posts"}],"about":[{"href":"https:\/\/expressaoms.com.br\/index.php\/wp-json\/wp\/v2\/types\/post"}],"author":[{"embeddable":true,"href":"https:\/\/expressaoms.com.br\/index.php\/wp-json\/wp\/v2\/users\/3"}],"replies":[{"embeddable":true,"href":"https:\/\/expressaoms.com.br\/index.php\/wp-json\/wp\/v2\/comments?post=13025"}],"version-history":[{"count":1,"href":"https:\/\/expressaoms.com.br\/index.php\/wp-json\/wp\/v2\/posts\/13025\/revisions"}],"predecessor-version":[{"id":13027,"href":"https:\/\/expressaoms.com.br\/index.php\/wp-json\/wp\/v2\/posts\/13025\/revisions\/13027"}],"wp:featuredmedia":[{"embeddable":true,"href":"https:\/\/expressaoms.com.br\/index.php\/wp-json\/wp\/v2\/media\/13026"}],"wp:attachment":[{"href":"https:\/\/expressaoms.com.br\/index.php\/wp-json\/wp\/v2\/media?parent=13025"}],"wp:term":[{"taxonomy":"category","embeddable":true,"href":"https:\/\/expressaoms.com.br\/index.php\/wp-json\/wp\/v2\/categories?post=13025"},{"taxonomy":"post_tag","embeddable":true,"href":"https:\/\/expressaoms.com.br\/index.php\/wp-json\/wp\/v2\/tags?post=13025"}],"curies":[{"name":"wp","href":"https:\/\/api.w.org\/{rel}","templated":true}]}}