{"id":14195,"date":"2022-11-23T09:48:21","date_gmt":"2022-11-23T12:48:21","guid":{"rendered":"https:\/\/expressaoms.com.br\/?p=14195"},"modified":"2022-11-23T09:49:43","modified_gmt":"2022-11-23T12:49:43","slug":"regiao-leste-tem-previsao-de-chuvas-nesta-quarta-feira","status":"publish","type":"post","link":"https:\/\/expressaoms.com.br\/index.php\/2022\/11\/23\/regiao-leste-tem-previsao-de-chuvas-nesta-quarta-feira\/","title":{"rendered":"Regi\u00e3o leste tem previs\u00e3o de chuvas nesta quarta-feira"},"content":{"rendered":"<p>O tempo continua inst\u00e1vel em Mato Grosso do Sul nesta quarta-feira (23). De acordo com o Centro de Monitoramento do Tempo e do Clima (Cemtec\/Semagro) h\u00e1 chance de chuvas e tempestades nas regi\u00f5es centro-norte e leste, devido ao deslocamento de uma frente fria oce\u00e2nica.<\/p>\n<p>O sol aparece com varia\u00e7\u00e3o de nebulosidade nas regi\u00f5es oeste e sul do estado. Nestas \u00e1reas o avan\u00e7o de um sistema de alta press\u00e3o ser\u00e1 respons\u00e1vel pelo tempo est\u00e1vel.<\/p>\n<p>Para esta quarta-feira s\u00e3o esperadas temperaturas m\u00ednimas entre 19\/21\u00b0C e m\u00e1ximas de at\u00e9 28\u00b0C nas regi\u00f5es sul e leste. Na regi\u00e3o norte, as m\u00ednimas devem ficar entre 20\/22\u00b0C e as m\u00e1ximas podem chegar a 31\u00b0C. Em Campo Grande, os term\u00f4metros podem marcar m\u00ednima de 22\u00b0C e m\u00e1xima de 28\u00b0C.<\/p>\n<p>O progn\u00f3stico do Cemtec indica que em grande parte do estado, os ventos atuam do quadrante sul, com rajadas de vento entre 40-60 Km\/h.<\/p>\n<p><img fetchpriority=\"high\" decoding=\"async\" class=\"alignnone size-full wp-image-14202\" src=\"https:\/\/expressaoms.com.br\/wp-content\/uploads\/2022\/11\/mapa-tempo-23-novembro.png\" alt=\"\" width=\"798\" height=\"567\" srcset=\"https:\/\/expressaoms.com.br\/wp-content\/uploads\/2022\/11\/mapa-tempo-23-novembro.png 798w, https:\/\/expressaoms.com.br\/wp-content\/uploads\/2022\/11\/mapa-tempo-23-novembro-600x426.png 600w, https:\/\/expressaoms.com.br\/wp-content\/uploads\/2022\/11\/mapa-tempo-23-novembro-300x213.png 300w, https:\/\/expressaoms.com.br\/wp-content\/uploads\/2022\/11\/mapa-tempo-23-novembro-768x546.png 768w\" sizes=\"(max-width: 798px) 100vw, 798px\" \/><\/p>\n","protected":false},"excerpt":{"rendered":"<p>O tempo continua inst\u00e1vel em Mato Grosso do Sul nesta quarta-feira (23). De acordo com o Centro de Monitoramento do Tempo e do Clima (Cemtec\/Semagro) h\u00e1 chance de chuvas e tempestades nas regi\u00f5es centro-norte e leste, devido ao deslocamento de uma frente fria oce\u00e2nica. O sol aparece com varia\u00e7\u00e3o de nebulosidade nas regi\u00f5es oeste e [&hellip;]<\/p>\n","protected":false},"author":3,"featured_media":14201,"comment_status":"open","ping_status":"open","sticky":false,"template":"","format":"standard","meta":{"om_disable_all_campaigns":false,"_monsterinsights_skip_tracking":false,"_monsterinsights_sitenote_active":false,"_monsterinsights_sitenote_note":"","_monsterinsights_sitenote_category":0,"footnotes":""},"categories":[1],"tags":[],"aioseo_notices":[],"_links":{"self":[{"href":"https:\/\/expressaoms.com.br\/index.php\/wp-json\/wp\/v2\/posts\/14195"}],"collection":[{"href":"https:\/\/expressaoms.com.br\/index.php\/wp-json\/wp\/v2\/posts"}],"about":[{"href":"https:\/\/expressaoms.com.br\/index.php\/wp-json\/wp\/v2\/types\/post"}],"author":[{"embeddable":true,"href":"https:\/\/expressaoms.com.br\/index.php\/wp-json\/wp\/v2\/users\/3"}],"replies":[{"embeddable":true,"href":"https:\/\/expressaoms.com.br\/index.php\/wp-json\/wp\/v2\/comments?post=14195"}],"version-history":[{"count":3,"href":"https:\/\/expressaoms.com.br\/index.php\/wp-json\/wp\/v2\/posts\/14195\/revisions"}],"predecessor-version":[{"id":14203,"href":"https:\/\/expressaoms.com.br\/index.php\/wp-json\/wp\/v2\/posts\/14195\/revisions\/14203"}],"wp:featuredmedia":[{"embeddable":true,"href":"https:\/\/expressaoms.com.br\/index.php\/wp-json\/wp\/v2\/media\/14201"}],"wp:attachment":[{"href":"https:\/\/expressaoms.com.br\/index.php\/wp-json\/wp\/v2\/media?parent=14195"}],"wp:term":[{"taxonomy":"category","embeddable":true,"href":"https:\/\/expressaoms.com.br\/index.php\/wp-json\/wp\/v2\/categories?post=14195"},{"taxonomy":"post_tag","embeddable":true,"href":"https:\/\/expressaoms.com.br\/index.php\/wp-json\/wp\/v2\/tags?post=14195"}],"curies":[{"name":"wp","href":"https:\/\/api.w.org\/{rel}","templated":true}]}}