{"id":14204,"date":"2022-11-23T09:56:46","date_gmt":"2022-11-23T12:56:46","guid":{"rendered":"https:\/\/expressaoms.com.br\/?p=14204"},"modified":"2022-11-23T09:56:46","modified_gmt":"2022-11-23T12:56:46","slug":"caixao-de-alexandre-de-moraes-e-pendurado-em-manifestacao-em-frente-ao-cmo","status":"publish","type":"post","link":"https:\/\/expressaoms.com.br\/index.php\/2022\/11\/23\/caixao-de-alexandre-de-moraes-e-pendurado-em-manifestacao-em-frente-ao-cmo\/","title":{"rendered":"\u2018Caix\u00e3o\u2019 de Alexandre de Moraes \u00e9 pendurado em manifesta\u00e7\u00e3o em frente ao CMO"},"content":{"rendered":"<p>Manifestantes penduraram um \u2018caix\u00e3o\u2019 ilustrativo com a figura de Alexandre de Moraes, ministro do STF (Supremo Tribunal Federal), em frente ao CMO (Comando Militar do Oeste), em Campo Grande.<\/p>\n<p>Al\u00e9m da figura, o caix\u00e3o tem os dizeres: esta \u00e9 a urna; e a faixa \u201cordem e progresso com justi\u00e7a sem corrup\u00e7\u00e3o\u201d. Os atos j\u00e1 completam 24 dias na Avenida Duque de Caxias, ap\u00f3s o resultado das elei\u00e7\u00f5es presidenciais, onde Jair Bolsonaro (PL) n\u00e3o foi reeleito.<\/p>\n<p>A situa\u00e7\u00e3o do tr\u00e2nsito continua semelhante aos outros dias, com alguns ve\u00edculos estacionados em uma das faixas, libera\u00e7\u00e3o de duas para fluxo do tr\u00e2nsito. No hor\u00e1rio de pico, condutores enfrentam lentid\u00e3o na passagem do trecho.<\/p>\n<p>Duas viaturas da Pol\u00edcia Militar acompanham os atos e uma da Guarda Civil Metropolitana. Cavaletes e cones impedem o estacionamento no canteiro central da via.<\/p>\n<p>&nbsp;<\/p>\n<pre>Fonte: Midiamax\r\nFoto: Henrique Arakaki<\/pre>\n","protected":false},"excerpt":{"rendered":"<p>Manifestantes penduraram um \u2018caix\u00e3o\u2019 ilustrativo com a figura de Alexandre de Moraes, ministro do STF (Supremo Tribunal Federal), em frente ao CMO (Comando Militar do Oeste), em Campo Grande. Al\u00e9m da figura, o caix\u00e3o tem os dizeres: esta \u00e9 a urna; e a faixa \u201cordem e progresso com justi\u00e7a sem corrup\u00e7\u00e3o\u201d. Os atos j\u00e1 completam [&hellip;]<\/p>\n","protected":false},"author":3,"featured_media":14205,"comment_status":"open","ping_status":"open","sticky":false,"template":"","format":"standard","meta":{"om_disable_all_campaigns":false,"_monsterinsights_skip_tracking":false,"_monsterinsights_sitenote_active":false,"_monsterinsights_sitenote_note":"","_monsterinsights_sitenote_category":0,"footnotes":""},"categories":[27,30,196,42],"tags":[],"aioseo_notices":[],"_links":{"self":[{"href":"https:\/\/expressaoms.com.br\/index.php\/wp-json\/wp\/v2\/posts\/14204"}],"collection":[{"href":"https:\/\/expressaoms.com.br\/index.php\/wp-json\/wp\/v2\/posts"}],"about":[{"href":"https:\/\/expressaoms.com.br\/index.php\/wp-json\/wp\/v2\/types\/post"}],"author":[{"embeddable":true,"href":"https:\/\/expressaoms.com.br\/index.php\/wp-json\/wp\/v2\/users\/3"}],"replies":[{"embeddable":true,"href":"https:\/\/expressaoms.com.br\/index.php\/wp-json\/wp\/v2\/comments?post=14204"}],"version-history":[{"count":1,"href":"https:\/\/expressaoms.com.br\/index.php\/wp-json\/wp\/v2\/posts\/14204\/revisions"}],"predecessor-version":[{"id":14206,"href":"https:\/\/expressaoms.com.br\/index.php\/wp-json\/wp\/v2\/posts\/14204\/revisions\/14206"}],"wp:featuredmedia":[{"embeddable":true,"href":"https:\/\/expressaoms.com.br\/index.php\/wp-json\/wp\/v2\/media\/14205"}],"wp:attachment":[{"href":"https:\/\/expressaoms.com.br\/index.php\/wp-json\/wp\/v2\/media?parent=14204"}],"wp:term":[{"taxonomy":"category","embeddable":true,"href":"https:\/\/expressaoms.com.br\/index.php\/wp-json\/wp\/v2\/categories?post=14204"},{"taxonomy":"post_tag","embeddable":true,"href":"https:\/\/expressaoms.com.br\/index.php\/wp-json\/wp\/v2\/tags?post=14204"}],"curies":[{"name":"wp","href":"https:\/\/api.w.org\/{rel}","templated":true}]}}