{"id":16323,"date":"2023-02-07T15:41:26","date_gmt":"2023-02-07T18:41:26","guid":{"rendered":"https:\/\/expressaoms.com.br\/?p=16323"},"modified":"2023-02-07T15:41:26","modified_gmt":"2023-02-07T18:41:26","slug":"vereadores-devolvem-mais-de-r-11-milhoes-a-prefeitura-durante-primeira-sessao-do-ano","status":"publish","type":"post","link":"https:\/\/expressaoms.com.br\/index.php\/2023\/02\/07\/vereadores-devolvem-mais-de-r-11-milhoes-a-prefeitura-durante-primeira-sessao-do-ano\/","title":{"rendered":"Vereadores devolvem mais de R$ 11 milh\u00f5es \u00e0 prefeitura durante primeira sess\u00e3o do ano"},"content":{"rendered":"<p>Na manh\u00e3 desta ter\u00e7a-feira (07), foi realizada, no plen\u00e1rio da C\u00e2mara Municipal de Tr\u00eas Lagoas, sess\u00e3o solene de abertura dos trabalhos de 2023, com a presen\u00e7a do prefeito \u00c2ngelo Guerreiro e secret\u00e1rios para apresenta\u00e7\u00e3o de breve balan\u00e7o de 2022 e planos para o ano que se inicia. Durante a solenidade, os vereadores entregaram um cheque simb\u00f3lico no valor de R$11.342.774,26, fruto da economia do Poder Legislativo em 2022. Todos os vereadores estavam presentes, j\u00e1 seguindo a nova composi\u00e7\u00e3o da Mesa Diretora.<\/p>\n<p>Elaine Furio, secret\u00e1ria de Sa\u00fade P\u00fablica, primeira a usar a tribuna, destacou: \u201cn\u00e3o me esque\u00e7o dos aux\u00edlios e investimentos nos \u00faltimos anos, principalmente, no per\u00edodo da pandemia\u201d. Furio tamb\u00e9m elencou as inaugura\u00e7\u00f5es e ganhos desde o in\u00edcio da sua gest\u00e3o. Ela ainda destacou devolu\u00e7\u00f5es de recursos que a C\u00e2mara fez em anos passados, ajudando a prestar atendimentos durante a pandemia e, ap\u00f3s o auge da crise, para acelerar a realiza\u00e7\u00e3o de cirurgias em otorrinolaringologia.<\/p>\n<p>Vera Helena, secret\u00e1ria de Assist\u00eancia Social, tamb\u00e9m fez um breve balan\u00e7o de tudo que aconteceu nos \u00faltimos anos. \u201cSabemos que ainda n\u00e3o damos conta de tudo e que precisamos melhorar, mas estamos \u00e0 disposi\u00e7\u00e3o da sociedade e faremos sempre o poss\u00edvel\u201d, finalizou. Osmar Dias Pereira, secret\u00e1rio de Infraestrutura, Transporte e Tr\u00e2nsito (Seintra), citou obras futuras, como pra\u00e7as, pavimenta\u00e7\u00e3o e drenagem que j\u00e1 est\u00e3o ou, muito em breve, estar\u00e3o em processo de licita\u00e7\u00e3o.<\/p>\n<p>Guerreiro iniciou enfatizando: \u201ca nossa maior obra \u00e9 cuidar das pessoas\u201d. Rapidamente e informalmente, passou informa\u00e7\u00f5es do or\u00e7amento para 2023: \u201ca previs\u00e3o \u00e9 receber R$1 bilh\u00e3o e 44 milh\u00f5es. Desses, R$456 milh\u00f5es v\u00e3o para gastos com o administrativo. Para a Educa\u00e7\u00e3o, s\u00e3o R$234 milh\u00f5es. Para a Sa\u00fade, s\u00e3o R$252 milh\u00f5es, mas podendo ultrapassar os R$320 milh\u00f5es. Para o Esporte, que tamb\u00e9m \u00e9 sa\u00fade para os nossos jovens e idosos principalmente, o or\u00e7amento vai passar de R$20 milh\u00f5es. Para o Social, que em 2017 era uma m\u00e9dia de R$5 milh\u00f5es, esse ano ser\u00e1 de R$41 milh\u00f5es\u201d.<\/p>\n<p>Sobre moradia popular, um item cobrado pela popula\u00e7\u00e3o em seu governo, inclusive por presentes na sess\u00e3o solene, Guerreiro afirmou que \u201cesse ano \u00e9 p\u00e9 no freio, pois \u00e9 in\u00edcio de governo federal e estadual\u201d, segundo ele, devido \u00e0 depend\u00eancia do munic\u00edpio para receber recursos dessas esferas para conseguir realizar bons projetos e conseguir atender adequadamente essa demanda, por isso, ele disse n\u00e3o poder prometer nada, sem demagogias.<\/p>\n<p>O vice-prefeito, Paulo Salom\u00e3o, relembrou que no in\u00edcio do mandato, em 2017, eram duas farm\u00e1cias. Hoje s\u00e3o mais de 15. \u201cPara chegar aonde chegou, n\u00e3o foi um simples arrumar a casa, teve muito trabalho\u201d, ressaltou.<\/p>\n<h3><strong>Devolu\u00e7\u00e3o do duod\u00e9cimo<\/strong><\/h3>\n<p><img fetchpriority=\"high\" decoding=\"async\" class=\"alignnone size-full wp-image-16324\" src=\"https:\/\/expressaoms.com.br\/wp-content\/uploads\/2023\/02\/camara-1.jpg\" alt=\"\" width=\"981\" height=\"731\" srcset=\"https:\/\/expressaoms.com.br\/wp-content\/uploads\/2023\/02\/camara-1.jpg 981w, https:\/\/expressaoms.com.br\/wp-content\/uploads\/2023\/02\/camara-1-600x447.jpg 600w, https:\/\/expressaoms.com.br\/wp-content\/uploads\/2023\/02\/camara-1-300x224.jpg 300w, https:\/\/expressaoms.com.br\/wp-content\/uploads\/2023\/02\/camara-1-768x572.jpg 768w\" sizes=\"(max-width: 981px) 100vw, 981px\" \/><\/p>\n<p>O vereador Cassiano Maia, presidente da C\u00e2mara, come\u00e7ou sua fala enaltecendo a gest\u00e3o do Guerreiro, principalmente na aten\u00e7\u00e3o dada ao Legislativo. Maia anunciou a devolu\u00e7\u00e3o dos R$11 milh\u00f5es e 340 mil. \u201cMesmo economizando, n\u00e3o deixamos de executar melhorias, como reformas no pr\u00e9dio e em Recursos Humanos. Projetos, como a Visita Guiada, foram ampliados e melhorados com a Escola do Legislativo. Iniciamos a C\u00e2mara Sustent\u00e1vel: j\u00e1 \u00e9 poss\u00edvel ver os pain\u00e9is de energia solar. Tivemos o primeiro Natal C\u00e2mara Encantada. E j\u00e1 est\u00e1 em andamento o projeto da C\u00e2mara Inclusiva, para tornar a c\u00e2mara acess\u00edvel\u201d. Maia encerrou noticiando o projeto \u201cC\u00e2mara nos Bairros\u201d, que bimestralmente vai visitar os bairros. \u201cOuvir as pessoas \u00e9 a melhor forma de conhecer e ouvir a popula\u00e7\u00e3o\u201d.<\/p>\n<p>Sobre a devolu\u00e7\u00e3o de mais de R$11 milh\u00f5es ao Executivo, ficou determinado em reuni\u00e3o realizada h\u00e1 alguns dias, que ser\u00e3o executados alguns estudos t\u00e9cnicos para realiza\u00e7\u00e3o de obras importantes para popula\u00e7\u00e3o e para fomentar o turismo. S\u00e3o elas a pavimenta\u00e7\u00e3o asf\u00e1ltica das estradas vicinais de acesso aos ranchos, no entorno da orla do Rio Sucuri\u00fa, desenvolvimento do turismo e lazer na regi\u00e3o urbana da Segunda Lagoa e aquisi\u00e7\u00e3o de uma \u00e1rea anexa ao Balne\u00e1rio Municipal Miguel Jorge Tabox para a implanta\u00e7\u00e3o de uma arena multiuso. Al\u00e9m da import\u00e2ncia destas obras para a popula\u00e7\u00e3o local, poder\u00e3o alavancar os neg\u00f3cios voltados ao turismo, no munic\u00edpio.<\/p>\n<p>Al\u00e9m da devolu\u00e7\u00e3o dos R$11.340.774,26 em recursos n\u00e3o utilizados durante o ano de 2022, em janeiro de 2022 a C\u00e2mara devolveu R$6.085.826,40, sendo que, no total, o Legislativo economizou R$17.426.600,66 durante o bi\u00eanio 2021\/2022. A economia \u00e9 resultado de diversas medidas adotadas pelo Poder Legislativo e, principalmente, da harmonia entre os poderes.<\/p>\n<p>O presidente agradeceu tamb\u00e9m aos parlamentares, governadores e a todos que ajudaram com recursos, desejando que o novo governo continue apoiando sempre os projetos para o crescimento da cidade e do estado.<\/p>\n<h3><strong>Vereadores<\/strong><\/h3>\n<p>Os vereadores Jorginho do G\u00e1s, Sayuri, Silene, Brit\u00e3o do Pov\u00e3o, Charlene Bortoleto, Doutor Paulo Veron, Marisa Rocha, David Martinelli, Tonh\u00e3o, Professor Negu Breno, Sargento Rodrigues, Doutor Issam Fares Junior e Evalda Reis usaram a tribuna para desejar mais um ano de muitas conquistas e melhorias para a cidade e para a popula\u00e7\u00e3o, sabendo que tem coisas que precisam melhorar. Alguns, tamb\u00e9m fizeram um pequeno balan\u00e7o de sua legislatura.<\/p>\n<h3><strong>Mesa Diretora<\/strong><\/h3>\n<p>A nova composi\u00e7\u00e3o da Mesa Diretora \u00e9:<br \/>\n&#8211; Presidente: Doutor Cassiano Maia<br \/>\n&#8211; Primeiro vice-presidente: Sargento Rodrigues<br \/>\n&#8211; Segundo vice-presidente: Evalda Reis<br \/>\n&#8211; Primeiro-secret\u00e1rio: Professor Negu Breno<br \/>\n&#8211; Segundo-secret\u00e1rio: Doutor Issam Fares Junior<\/p>\n","protected":false},"excerpt":{"rendered":"<p>Na manh\u00e3 desta ter\u00e7a-feira (07), foi realizada, no plen\u00e1rio da C\u00e2mara Municipal de Tr\u00eas Lagoas, sess\u00e3o solene de abertura dos trabalhos de 2023, com a presen\u00e7a do prefeito \u00c2ngelo Guerreiro e secret\u00e1rios para apresenta\u00e7\u00e3o de breve balan\u00e7o de 2022 e planos para o ano que se inicia. Durante a solenidade, os vereadores entregaram um cheque [&hellip;]<\/p>\n","protected":false},"author":3,"featured_media":16325,"comment_status":"open","ping_status":"open","sticky":false,"template":"","format":"standard","meta":{"om_disable_all_campaigns":false,"_monsterinsights_skip_tracking":false,"_monsterinsights_sitenote_active":false,"_monsterinsights_sitenote_note":"","_monsterinsights_sitenote_category":0,"footnotes":""},"categories":[30,42,48],"tags":[],"aioseo_notices":[],"_links":{"self":[{"href":"https:\/\/expressaoms.com.br\/index.php\/wp-json\/wp\/v2\/posts\/16323"}],"collection":[{"href":"https:\/\/expressaoms.com.br\/index.php\/wp-json\/wp\/v2\/posts"}],"about":[{"href":"https:\/\/expressaoms.com.br\/index.php\/wp-json\/wp\/v2\/types\/post"}],"author":[{"embeddable":true,"href":"https:\/\/expressaoms.com.br\/index.php\/wp-json\/wp\/v2\/users\/3"}],"replies":[{"embeddable":true,"href":"https:\/\/expressaoms.com.br\/index.php\/wp-json\/wp\/v2\/comments?post=16323"}],"version-history":[{"count":1,"href":"https:\/\/expressaoms.com.br\/index.php\/wp-json\/wp\/v2\/posts\/16323\/revisions"}],"predecessor-version":[{"id":16326,"href":"https:\/\/expressaoms.com.br\/index.php\/wp-json\/wp\/v2\/posts\/16323\/revisions\/16326"}],"wp:featuredmedia":[{"embeddable":true,"href":"https:\/\/expressaoms.com.br\/index.php\/wp-json\/wp\/v2\/media\/16325"}],"wp:attachment":[{"href":"https:\/\/expressaoms.com.br\/index.php\/wp-json\/wp\/v2\/media?parent=16323"}],"wp:term":[{"taxonomy":"category","embeddable":true,"href":"https:\/\/expressaoms.com.br\/index.php\/wp-json\/wp\/v2\/categories?post=16323"},{"taxonomy":"post_tag","embeddable":true,"href":"https:\/\/expressaoms.com.br\/index.php\/wp-json\/wp\/v2\/tags?post=16323"}],"curies":[{"name":"wp","href":"https:\/\/api.w.org\/{rel}","templated":true}]}}