{"id":16436,"date":"2023-02-14T06:00:58","date_gmt":"2023-02-14T09:00:58","guid":{"rendered":"https:\/\/expressaoms.com.br\/?p=16436"},"modified":"2023-02-13T16:16:04","modified_gmt":"2023-02-13T19:16:04","slug":"pessoas-com-mais-de-70-anos-comecam-a-receber-vacina-bivalente-contra-covid-19-na-quarta-feira-15-em-tl","status":"publish","type":"post","link":"https:\/\/expressaoms.com.br\/index.php\/2023\/02\/14\/pessoas-com-mais-de-70-anos-comecam-a-receber-vacina-bivalente-contra-covid-19-na-quarta-feira-15-em-tl\/","title":{"rendered":"Pessoas com mais de 70 anos come\u00e7am a receber vacina bivalente contra Covid-19 nesta quarta-feira (15) em TL"},"content":{"rendered":"<p data-raofz=\"16\">A Prefeitura de Tr\u00eas Lagoas, por meio da Secretaria Municipal de Sa\u00fade (SMS), inicia nesta quarta-feira (15), a imuniza\u00e7\u00e3o contra Covid-19 com a vacina bivalente. A primeira remessa do imunizante, com 1.900 doses, chegou nesta segunda-feira (13) ao Munic\u00edpio.<\/p>\n<p data-raofz=\"16\">Os p\u00fablicos definidos como priorit\u00e1rios foram determinados pelo Minist\u00e9rio da Sa\u00fade (MS), conforme nota t\u00e9cnica nota t\u00e9cnica 01\/2023 da Secretaria de Vigil\u00e2ncia em Sa\u00fade e Ambiente, que estabelece a forma sequencial dos grupos, mediante recebimento das doses da vacina.<\/p>\n<p data-raofz=\"16\"><strong>QUEM PODER\u00c1 SE VACINAR<\/strong><\/p>\n<p data-raofz=\"16\">A partir de quarta-feira (15), as doses estar\u00e3o dispon\u00edveis em todas as Unidades de Sa\u00fade da Fam\u00edlia (USFs) de Tr\u00eas Lagoas <strong>(<a role=\"link\" href=\"https:\/\/www.treslagoas.ms.gov.br\/secretariasmunicipais\/sms\/rededesaude\/\" data-type=\"URL\" data-id=\"https:\/\/www.treslagoas.ms.gov.br\/secretariasmunicipais\/sms\/rededesaude\/\" data-raofz=\"16\">consulte o hor\u00e1rio de funcionamento da USF do seu bairro AQUI<\/a>)<\/strong>, destinadas para idosos maiores de 70 anos de idade, que tenham pelo menos o esquema pr\u00e9vio de duas doses com vacinas monovalentes, sendo que a \u00faltima deve ter sido aplicada h\u00e1 mais de quatro meses.<\/p>\n<p data-raofz=\"16\">Para receber o imunizante \u00e9 necess\u00e1rio levar o comprovante de vacina\u00e7\u00e3o Covid-19, cart\u00e3o do Sistema \u00danico de Sa\u00fade (SUS) e documento de identifica\u00e7\u00e3o.<\/p>\n<p data-raofz=\"16\"><strong>INSTITUCIONALIZADOS<\/strong><\/p>\n<p data-raofz=\"16\">Nesta ter\u00e7a-feira (14), os profissionais da Central de Imuniza\u00e7\u00e3o iniciam o atendimento nas institui\u00e7\u00f5es que possuem pacientes institucionalizados acima de 70 anos e pacientes maiores de 12 anos tamb\u00e9m institucionalizados. Trabalhadores que atuam nestes locais tamb\u00e9m ser\u00e3o imunizados com a bivalente.<\/p>\n","protected":false},"excerpt":{"rendered":"<p>A Prefeitura de Tr\u00eas Lagoas, por meio da Secretaria Municipal de Sa\u00fade (SMS), inicia nesta quarta-feira (15), a imuniza\u00e7\u00e3o contra Covid-19 com a vacina bivalente. A primeira remessa do imunizante, com 1.900 doses, chegou nesta segunda-feira (13) ao Munic\u00edpio. Os p\u00fablicos definidos como priorit\u00e1rios foram determinados pelo Minist\u00e9rio da Sa\u00fade (MS), conforme nota t\u00e9cnica nota [&hellip;]<\/p>\n","protected":false},"author":2,"featured_media":16437,"comment_status":"open","ping_status":"open","sticky":false,"template":"","format":"standard","meta":{"om_disable_all_campaigns":false,"_monsterinsights_skip_tracking":false,"_monsterinsights_sitenote_active":false,"_monsterinsights_sitenote_note":"","_monsterinsights_sitenote_category":0,"footnotes":""},"categories":[36,44,48],"tags":[],"aioseo_notices":[],"_links":{"self":[{"href":"https:\/\/expressaoms.com.br\/index.php\/wp-json\/wp\/v2\/posts\/16436"}],"collection":[{"href":"https:\/\/expressaoms.com.br\/index.php\/wp-json\/wp\/v2\/posts"}],"about":[{"href":"https:\/\/expressaoms.com.br\/index.php\/wp-json\/wp\/v2\/types\/post"}],"author":[{"embeddable":true,"href":"https:\/\/expressaoms.com.br\/index.php\/wp-json\/wp\/v2\/users\/2"}],"replies":[{"embeddable":true,"href":"https:\/\/expressaoms.com.br\/index.php\/wp-json\/wp\/v2\/comments?post=16436"}],"version-history":[{"count":3,"href":"https:\/\/expressaoms.com.br\/index.php\/wp-json\/wp\/v2\/posts\/16436\/revisions"}],"predecessor-version":[{"id":16451,"href":"https:\/\/expressaoms.com.br\/index.php\/wp-json\/wp\/v2\/posts\/16436\/revisions\/16451"}],"wp:featuredmedia":[{"embeddable":true,"href":"https:\/\/expressaoms.com.br\/index.php\/wp-json\/wp\/v2\/media\/16437"}],"wp:attachment":[{"href":"https:\/\/expressaoms.com.br\/index.php\/wp-json\/wp\/v2\/media?parent=16436"}],"wp:term":[{"taxonomy":"category","embeddable":true,"href":"https:\/\/expressaoms.com.br\/index.php\/wp-json\/wp\/v2\/categories?post=16436"},{"taxonomy":"post_tag","embeddable":true,"href":"https:\/\/expressaoms.com.br\/index.php\/wp-json\/wp\/v2\/tags?post=16436"}],"curies":[{"name":"wp","href":"https:\/\/api.w.org\/{rel}","templated":true}]}}