{"id":16457,"date":"2023-02-14T10:20:57","date_gmt":"2023-02-14T13:20:57","guid":{"rendered":"https:\/\/expressaoms.com.br\/?p=16457"},"modified":"2023-02-14T10:20:57","modified_gmt":"2023-02-14T13:20:57","slug":"saude-promove-campanha-foliao-seguro-para-vacinacao-contra-covid-19","status":"publish","type":"post","link":"https:\/\/expressaoms.com.br\/index.php\/2023\/02\/14\/saude-promove-campanha-foliao-seguro-para-vacinacao-contra-covid-19\/","title":{"rendered":"Sa\u00fade promove campanha \u201cFoli\u00e3o Seguro\u201d para vacina\u00e7\u00e3o contra Covid-19"},"content":{"rendered":"<p data-raofz=\"16\">Carnaval \u00e9 sin\u00f4nimo de alegria, mas, sem sa\u00fade n\u00e3o h\u00e1 alegria que permane\u00e7a. Pensando nisso, a Prefeitura de Tr\u00eas Lagoas, por meio da Secretaria Municipal de Sa\u00fade (SMS), promove nesta semana a campanha \u201cFoli\u00e3o Seguro\u201d visando atualizar a vacina\u00e7\u00e3o contra Covid-19, para completar o ciclo vacinal e dar sequ\u00eancia a pr\u00f3xima campanha.<\/p>\n<p data-raofz=\"16\"><strong>TAXA COBERTURA VACINAL<\/strong><\/p>\n<p data-raofz=\"16\">O esquema vacinal da popula\u00e7\u00e3o segue incompleto, 16% do p\u00fablico de 12 a 17 anos de idade ainda n\u00e3o tomaram a segunda dose (D2) e apenas 26% foram imunizados com a terceira dose (D3). Apenas 20% do p\u00fablico acima de 35 anos foram imunizados com o refor\u00e7o D4.<\/p>\n<p data-raofz=\"16\">Durante essa semana, dos dias 13 a 17 (segunda a sexta-feira), dez Unidades de Sa\u00fade da Fam\u00edlia (USFs), v\u00e3o intensificar a vacina\u00e7\u00e3o Covid-19, estendendo o hor\u00e1rio de funcionamento das salas de vacina\u00e7\u00e3o at\u00e9 \u00e0s 18h30.<\/p>\n<p data-raofz=\"16\"><strong>P\u00daBLICO ALVO<\/strong><\/p>\n<p data-raofz=\"16\">O p\u00fablico alvo da campanha s\u00e3o pessoas a partir de 12 anos de idade que n\u00e3o tenha tomado a terceira dose e adultos acima de 35 anos que ainda n\u00e3o se imunizaram com a quarta dose.<\/p>\n<p data-raofz=\"16\">Participam da campanha: USF Santo Andr\u00e9 ; USF Miguel Nunes\/Vila Nova; USF Jardim Maristela ; USF\u00a0 Jardim Atenas ; USF Joel Neves\/S\u00e3o Carlos; USF Santa Rita; USF Interlagos ; USF Paran\u00e1punga ; USF Vila Haro e USF Vila Piloto. <strong><a role=\"link\" href=\"https:\/\/www.treslagoas.ms.gov.br\/secretariasmunicipais\/sms\/rededesaude\/\" data-type=\"URL\" data-id=\"https:\/\/www.treslagoas.ms.gov.br\/secretariasmunicipais\/sms\/rededesaude\/\" data-raofz=\"16\">VEJA O ENDERE\u00c7O DE CADA UNIDADE AQUI<\/a>.<\/strong><\/p>\n<p data-raofz=\"16\"><strong>DIA D<\/strong><\/p>\n<p data-raofz=\"16\">Na quarta-feira (15), a SMS promover\u00e1 o Dia D da campanha \u201cFoli\u00e3o Seguro\u201d em dois pontos de grande fluxo em Tr\u00eas Lagoas.<\/p>\n<p data-raofz=\"16\">Feira Central: Atendimento das 18h \u00e0s 21h<\/p>\n<p data-raofz=\"16\">Endere\u00e7o: Avenida Rosario Congro s\/n \u2013 Centro<\/p>\n<p data-raofz=\"16\">Shopping Tr\u00eas Lagoas:\u00a0 Atendimento das 18h \u00e0s 21h<\/p>\n<p data-raofz=\"16\">Endere\u00e7o: Avenida Jamil Jorge Salom\u00e3o, 3.807 \u2013 Portal das Araras<\/p>\n","protected":false},"excerpt":{"rendered":"<p>Carnaval \u00e9 sin\u00f4nimo de alegria, mas, sem sa\u00fade n\u00e3o h\u00e1 alegria que permane\u00e7a. Pensando nisso, a Prefeitura de Tr\u00eas Lagoas, por meio da Secretaria Municipal de Sa\u00fade (SMS), promove nesta semana a campanha \u201cFoli\u00e3o Seguro\u201d visando atualizar a vacina\u00e7\u00e3o contra Covid-19, para completar o ciclo vacinal e dar sequ\u00eancia a pr\u00f3xima campanha. TAXA COBERTURA VACINAL [&hellip;]<\/p>\n","protected":false},"author":2,"featured_media":16458,"comment_status":"open","ping_status":"open","sticky":false,"template":"","format":"standard","meta":{"om_disable_all_campaigns":false,"_monsterinsights_skip_tracking":false,"_monsterinsights_sitenote_active":false,"_monsterinsights_sitenote_note":"","_monsterinsights_sitenote_category":0,"footnotes":""},"categories":[36,44,48],"tags":[],"aioseo_notices":[],"_links":{"self":[{"href":"https:\/\/expressaoms.com.br\/index.php\/wp-json\/wp\/v2\/posts\/16457"}],"collection":[{"href":"https:\/\/expressaoms.com.br\/index.php\/wp-json\/wp\/v2\/posts"}],"about":[{"href":"https:\/\/expressaoms.com.br\/index.php\/wp-json\/wp\/v2\/types\/post"}],"author":[{"embeddable":true,"href":"https:\/\/expressaoms.com.br\/index.php\/wp-json\/wp\/v2\/users\/2"}],"replies":[{"embeddable":true,"href":"https:\/\/expressaoms.com.br\/index.php\/wp-json\/wp\/v2\/comments?post=16457"}],"version-history":[{"count":1,"href":"https:\/\/expressaoms.com.br\/index.php\/wp-json\/wp\/v2\/posts\/16457\/revisions"}],"predecessor-version":[{"id":16459,"href":"https:\/\/expressaoms.com.br\/index.php\/wp-json\/wp\/v2\/posts\/16457\/revisions\/16459"}],"wp:featuredmedia":[{"embeddable":true,"href":"https:\/\/expressaoms.com.br\/index.php\/wp-json\/wp\/v2\/media\/16458"}],"wp:attachment":[{"href":"https:\/\/expressaoms.com.br\/index.php\/wp-json\/wp\/v2\/media?parent=16457"}],"wp:term":[{"taxonomy":"category","embeddable":true,"href":"https:\/\/expressaoms.com.br\/index.php\/wp-json\/wp\/v2\/categories?post=16457"},{"taxonomy":"post_tag","embeddable":true,"href":"https:\/\/expressaoms.com.br\/index.php\/wp-json\/wp\/v2\/tags?post=16457"}],"curies":[{"name":"wp","href":"https:\/\/api.w.org\/{rel}","templated":true}]}}