{"id":1677,"date":"2021-10-20T14:58:30","date_gmt":"2021-10-20T17:58:30","guid":{"rendered":"https:\/\/expressaoms.com.br\/?p=1677"},"modified":"2021-10-20T15:31:29","modified_gmt":"2021-10-20T18:31:29","slug":"eleicoes-na-seccional-da-oab-e-sew-vinhos-sao-destaques-na-entrevista-com-a-advogada-e-empreendedora-simone-siqueira","status":"publish","type":"post","link":"https:\/\/expressaoms.com.br\/index.php\/2021\/10\/20\/eleicoes-na-seccional-da-oab-e-sew-vinhos-sao-destaques-na-entrevista-com-a-advogada-e-empreendedora-simone-siqueira\/","title":{"rendered":"Elei\u00e7\u00f5es na Seccional da OAB e SEW Vinhos s\u00e3o destaques na entrevista com a advogada e empreendedora Simone Siqueira"},"content":{"rendered":"<p>Atuante nas decis\u00f5es de sua classe, a advogada criminalista Simone Siqueira foi a entrevistada do <strong>Jornal Express\u00e3o MS<\/strong> desta quarta-feira (20), apresentado pelo jornalista Sebasti\u00e3o Neto. Simone falou sobre a atual campanha pelas dire\u00e7\u00f5es da seccional da OAB do Estado, que comp\u00f5e como candidata a conselheira, e tamb\u00e9m sobre as elei\u00e7\u00f5es na subse\u00e7\u00e3o de Tr\u00eas Lagoas. A entrevista pode ser assistida no final desta mat\u00e9ria, bem como na p\u00e1gina do <a href=\"https:\/\/fb.watch\/8M3VngCxwy\/\">Facebook<\/a> e no canal <strong>Express\u00e3o MS<\/strong> no <a href=\"http:\/\/youtu.be\/Kqu8qli-sl\">You Tube<\/a>.<\/p>\n<p>Compondo a chapa que tem a advogada Raquel Magrini candidata a presidente, Simone explica os motivos que a levaram a aceitar o convite para participar da elei\u00e7\u00e3o e tamb\u00e9m enaltece os demais componentes que, na sua opini\u00e3o, trouxeram grandes aliados e musculatura pol\u00edtica para a chapa. Ela acredita na elei\u00e7\u00e3o de Raquel Magrini que pode, com isso, se tornar a segunda mulher a presidir a Seccional da OAB no MS.<\/p>\n<p><img decoding=\"async\" class=\"alignnone size-medium wp-image-1678\" src=\"https:\/\/expressaoms.com.br\/wp-content\/uploads\/2021\/10\/WhatsApp-Image-2021-10-20-at-13.36.10-300x142.jpeg\" alt=\"\" width=\"300\" height=\"142\" \/><\/p>\n<p>A advogada tamb\u00e9m est\u00e1 empreendendo e lan\u00e7ando um espa\u00e7o denominado SEW Vinhos, que ser\u00e1 inaugurado nesta quinta-feira (21). Simone explica aos amantes e iniciantes da aprecia\u00e7\u00e3o da bebida algumas diferen\u00e7as entre os variados tipos de uvas, harmoniza\u00e7\u00e3o e esclarece quest\u00f5es como as denomina\u00e7\u00f5es de Reserva e Reservado, que muitas vezes confundem quem n\u00e3o tem tanta afinidade ao mercado do vinho, um dos que mais crescem no Brasil atualmente.<\/p>\n<p>As quest\u00f5es sobre card\u00e1pio, variedades de vinhos e atendimento ao p\u00fablico interessado em conhecer a SEW Vinhos, s\u00e3o detalhados pela mais nova empreendedora de Tr\u00eas Lagoas na entrevista que pode ser acompanhada na \u00edntegra, abaixo:<\/p>\n<p><a href=\"http:\/\/youtu.be\/Kqu8iqli-sl\">http:\/\/youtu.be\/Kqu8iqli-sl<\/a><\/p>\n","protected":false},"excerpt":{"rendered":"<p>Atuante nas decis\u00f5es de sua classe, a advogada criminalista Simone Siqueira foi a entrevistada do Jornal Express\u00e3o MS desta quarta-feira (20), apresentado pelo jornalista Sebasti\u00e3o Neto. Simone falou sobre a atual campanha pelas dire\u00e7\u00f5es da seccional da OAB do Estado, que comp\u00f5e como candidata a conselheira, e tamb\u00e9m sobre as elei\u00e7\u00f5es na subse\u00e7\u00e3o de Tr\u00eas [&hellip;]<\/p>\n","protected":false},"author":3,"featured_media":0,"comment_status":"open","ping_status":"open","sticky":false,"template":"","format":"standard","meta":{"om_disable_all_campaigns":false,"_monsterinsights_skip_tracking":false,"_monsterinsights_sitenote_active":false,"_monsterinsights_sitenote_note":"","_monsterinsights_sitenote_category":0,"footnotes":""},"categories":[30,36,48],"tags":[],"aioseo_notices":[],"_links":{"self":[{"href":"https:\/\/expressaoms.com.br\/index.php\/wp-json\/wp\/v2\/posts\/1677"}],"collection":[{"href":"https:\/\/expressaoms.com.br\/index.php\/wp-json\/wp\/v2\/posts"}],"about":[{"href":"https:\/\/expressaoms.com.br\/index.php\/wp-json\/wp\/v2\/types\/post"}],"author":[{"embeddable":true,"href":"https:\/\/expressaoms.com.br\/index.php\/wp-json\/wp\/v2\/users\/3"}],"replies":[{"embeddable":true,"href":"https:\/\/expressaoms.com.br\/index.php\/wp-json\/wp\/v2\/comments?post=1677"}],"version-history":[{"count":3,"href":"https:\/\/expressaoms.com.br\/index.php\/wp-json\/wp\/v2\/posts\/1677\/revisions"}],"predecessor-version":[{"id":1683,"href":"https:\/\/expressaoms.com.br\/index.php\/wp-json\/wp\/v2\/posts\/1677\/revisions\/1683"}],"wp:attachment":[{"href":"https:\/\/expressaoms.com.br\/index.php\/wp-json\/wp\/v2\/media?parent=1677"}],"wp:term":[{"taxonomy":"category","embeddable":true,"href":"https:\/\/expressaoms.com.br\/index.php\/wp-json\/wp\/v2\/categories?post=1677"},{"taxonomy":"post_tag","embeddable":true,"href":"https:\/\/expressaoms.com.br\/index.php\/wp-json\/wp\/v2\/tags?post=1677"}],"curies":[{"name":"wp","href":"https:\/\/api.w.org\/{rel}","templated":true}]}}