{"id":1688,"date":"2021-10-21T09:12:20","date_gmt":"2021-10-21T12:12:20","guid":{"rendered":"https:\/\/expressaoms.com.br\/?p=1688"},"modified":"2021-10-21T09:12:20","modified_gmt":"2021-10-21T12:12:20","slug":"liberacao-de-100-de-publico-em-templos-religiosos-e-pista-de-danca-sao-aprovados-pelo-comite-em-tres-lagoas","status":"publish","type":"post","link":"https:\/\/expressaoms.com.br\/index.php\/2021\/10\/21\/liberacao-de-100-de-publico-em-templos-religiosos-e-pista-de-danca-sao-aprovados-pelo-comite-em-tres-lagoas\/","title":{"rendered":"Libera\u00e7\u00e3o de 100% de p\u00fablico em templos religiosos e pista de dan\u00e7a s\u00e3o aprovados pelo Comit\u00ea em Tr\u00eas Lagoas"},"content":{"rendered":"<p>Libera\u00e7\u00e3o de 100% da capacidade de templos religiosos e da pista de dan\u00e7a com restri\u00e7\u00f5es est\u00e3o entre as sugest\u00f5es que ser\u00e3o levadas para delibera\u00e7\u00e3o da Prefeitura de TL<\/p>\n<p>Na tarde desta quarta-feira (20) membros do Comit\u00ea de Enfrentamento \u00e0 COVID-19 de Tr\u00eas Lagoas se reuniram online para discutir sobre as a\u00e7\u00f5es a serem realizadas no Munic\u00edpio.<\/p>\n<p>Representando a secret\u00e1ria de Sa\u00fade, Elaine Furio, o m\u00e9dico da Fam\u00edlia e Comunidade e da equipe de Vigil\u00e2ncia Epidemiol\u00f3gica da SMS, Vin\u00edcius de Jesus Rodrigues Neves, levou ao conhecimento dos membros que aproximadamente 65% da popula\u00e7\u00e3o tr\u00eas-lagoense est\u00e1 imunizada, por\u00e9m n\u00e3o \u00e9 o suficiente.<\/p>\n<p>&#8220;Para termos uma vida normal \u00e9 necess\u00e1rio alcan\u00e7armos 85% da popula\u00e7\u00e3o imunizada. A vacina\u00e7\u00e3o \u00e9 uma medida de prote\u00e7\u00e3o coletiva e s\u00f3 conseguiremos passar por essa Pandemia com mais pessoas vacinadas. Precisamos que as pessoas se conscientizem do seu papel perante a seguran\u00e7a de todos&#8221;, disse.<\/p>\n<p>Entre os assuntos discutidos na reuni\u00e3o, os quais ser\u00e3o levados para delibera\u00e7\u00e3o do prefeito Angelo Guerreiro e equipe, est\u00e1 a libera\u00e7\u00e3o da pista de dan\u00e7a. Entre as recomenda\u00e7\u00f5es da equipe est\u00e1 liberar em lugares abertos at\u00e9 5 mil pessoas, exigindo a apresenta\u00e7\u00e3o da carteira de vacina\u00e7\u00e3o com as duas doses da COVID-19 e o uso de m\u00e1scara.<\/p>\n<p>A libera\u00e7\u00e3o de 100% da capacidade de igrejas e templos religiosos tamb\u00e9m ser\u00e1 levado para a decis\u00e3o do prefeito e equipe, al\u00e9m da libera\u00e7\u00e3o da entrada de 60% dos torcedores em jogos tamb\u00e9m sob a recomenda\u00e7\u00e3o do uso obrigat\u00f3rio de m\u00e1scara e a apresenta\u00e7\u00e3o da carteira de vacina\u00e7\u00e3o.<\/p>\n<p>Al\u00e9m destes assuntos, ser\u00e1 levada para a aprova\u00e7\u00e3o de Angelo Guerreiro e equipe, retirar dos decretos o distanciamento de mesas nos restaurantes e a metragem de pessoas dentro do com\u00e9rcio da Cidade, sempre refor\u00e7ando o uso obrigat\u00f3rio das m\u00e1scaras de prote\u00e7\u00e3o facial.<\/p>\n<p>&nbsp;<\/p>\n<p>&nbsp;<\/p>\n<pre>Fonte: PMTL<\/pre>\n","protected":false},"excerpt":{"rendered":"<p>Libera\u00e7\u00e3o de 100% da capacidade de templos religiosos e da pista de dan\u00e7a com restri\u00e7\u00f5es est\u00e3o entre as sugest\u00f5es que ser\u00e3o levadas para delibera\u00e7\u00e3o da Prefeitura de TL Na tarde desta quarta-feira (20) membros do Comit\u00ea de Enfrentamento \u00e0 COVID-19 de Tr\u00eas Lagoas se reuniram online para discutir sobre as a\u00e7\u00f5es a serem realizadas no [&hellip;]<\/p>\n","protected":false},"author":3,"featured_media":0,"comment_status":"open","ping_status":"open","sticky":false,"template":"","format":"standard","meta":{"om_disable_all_campaigns":false,"_monsterinsights_skip_tracking":false,"_monsterinsights_sitenote_active":false,"_monsterinsights_sitenote_note":"","_monsterinsights_sitenote_category":0,"footnotes":""},"categories":[30,36,48],"tags":[],"aioseo_notices":[],"_links":{"self":[{"href":"https:\/\/expressaoms.com.br\/index.php\/wp-json\/wp\/v2\/posts\/1688"}],"collection":[{"href":"https:\/\/expressaoms.com.br\/index.php\/wp-json\/wp\/v2\/posts"}],"about":[{"href":"https:\/\/expressaoms.com.br\/index.php\/wp-json\/wp\/v2\/types\/post"}],"author":[{"embeddable":true,"href":"https:\/\/expressaoms.com.br\/index.php\/wp-json\/wp\/v2\/users\/3"}],"replies":[{"embeddable":true,"href":"https:\/\/expressaoms.com.br\/index.php\/wp-json\/wp\/v2\/comments?post=1688"}],"version-history":[{"count":1,"href":"https:\/\/expressaoms.com.br\/index.php\/wp-json\/wp\/v2\/posts\/1688\/revisions"}],"predecessor-version":[{"id":1690,"href":"https:\/\/expressaoms.com.br\/index.php\/wp-json\/wp\/v2\/posts\/1688\/revisions\/1690"}],"wp:attachment":[{"href":"https:\/\/expressaoms.com.br\/index.php\/wp-json\/wp\/v2\/media?parent=1688"}],"wp:term":[{"taxonomy":"category","embeddable":true,"href":"https:\/\/expressaoms.com.br\/index.php\/wp-json\/wp\/v2\/categories?post=1688"},{"taxonomy":"post_tag","embeddable":true,"href":"https:\/\/expressaoms.com.br\/index.php\/wp-json\/wp\/v2\/tags?post=1688"}],"curies":[{"name":"wp","href":"https:\/\/api.w.org\/{rel}","templated":true}]}}