{"id":1691,"date":"2021-10-21T09:24:53","date_gmt":"2021-10-21T12:24:53","guid":{"rendered":"https:\/\/expressaoms.com.br\/?p=1691"},"modified":"2021-10-21T09:24:53","modified_gmt":"2021-10-21T12:24:53","slug":"assistencia-social-da-inicio-ao-programa-familias-fortes-em-tres-lagoas","status":"publish","type":"post","link":"https:\/\/expressaoms.com.br\/index.php\/2021\/10\/21\/assistencia-social-da-inicio-ao-programa-familias-fortes-em-tres-lagoas\/","title":{"rendered":"Assist\u00eancia Social d\u00e1 in\u00edcio ao Programa \u201cFam\u00edlias Fortes\u201d em Tr\u00eas Lagoas"},"content":{"rendered":"<p>A Secretaria Municipal de Assist\u00eancia Social (SMAS) deu in\u00edcio, na \u00faltima segunda-feira (18), ao Programa \u201cFam\u00edlia Fortes\u201d, em Tr\u00eas Lagoas.<\/p>\n<p>Criado pelo Minist\u00e9rio da Mulher, da Fam\u00edlia e dos Direitos Humanos, o programa promove encontros semanais para fam\u00edlias com filhos entre 10 e 14 anos que visa o bem-estar dos membros da fam\u00edlia, a partir do fortalecimento de v\u00ednculos familiares e do desenvolvimento de habilidades sociais.<\/p>\n<p>Com a parceria da Universidade Federal de Mato Grosso de Sul (UFMS), o \u201cFam\u00edlias Fortes\u201d tem tamb\u00e9m como objetivos, ensinar pais e filhos a desenvolverem maneiras eficazes de relacionamentos e comunica\u00e7\u00e3o; mostrar a import\u00e2ncia de apoiar seus filhos; ajud\u00e1-los a disciplinar e orientar os adolescentes de forma eficaz e na compreens\u00e3o dos valores familiares.<\/p>\n<p>A Secret\u00e1ria Municipal de Assist\u00eancia Social Vera Helena Arsioli Pinho destaca que o programa \u00e9 uma excelente ferramenta para os atendimentos, porque gera um impacto social enorme nas fam\u00edlias atendidas.<\/p>\n<p>\u201cCom as atividades poderemos prevenir problemas ou situa\u00e7\u00f5es futuras que prejudiquem os grupos fam\u00edlias, como depend\u00eancia qu\u00edmica, viol\u00eancia dom\u00e9stica, dentre outros\u201d, ressalta Vera.<\/p>\n<p>Esse programa est\u00e1 iniciando com fam\u00edlias referenciadas ao CRAS Vila Piloto atendidas no Servi\u00e7o de Conviv\u00eancia e Fortalecimento de V\u00ednculos \u201cPatrulha Florestinha\u201d. Cada ciclo de 7 encontros tem dura\u00e7\u00e3o aproximada de 2 meses, pois \u00e9 realizado um encontro por semana para cada grupo de fam\u00edlias.<\/p>\n<p>Os encontros ser\u00e3o todas segundas e ter\u00e7as-feiras, das 18h \u00e0s 20h, com a participa\u00e7\u00e3o de 30 fam\u00edlias e 40 jovens. No total ser\u00e3o 07 encontros, finalizando no dia 14 de dezembro.<\/p>\n<p>&nbsp;<\/p>\n<p>&nbsp;<\/p>\n<pre>Fonte: PMTL<\/pre>\n","protected":false},"excerpt":{"rendered":"<p>A Secretaria Municipal de Assist\u00eancia Social (SMAS) deu in\u00edcio, na \u00faltima segunda-feira (18), ao Programa \u201cFam\u00edlia Fortes\u201d, em Tr\u00eas Lagoas. Criado pelo Minist\u00e9rio da Mulher, da Fam\u00edlia e dos Direitos Humanos, o programa promove encontros semanais para fam\u00edlias com filhos entre 10 e 14 anos que visa o bem-estar dos membros da fam\u00edlia, a partir [&hellip;]<\/p>\n","protected":false},"author":3,"featured_media":0,"comment_status":"open","ping_status":"open","sticky":false,"template":"","format":"standard","meta":{"om_disable_all_campaigns":false,"_monsterinsights_skip_tracking":false,"_monsterinsights_sitenote_active":false,"_monsterinsights_sitenote_note":"","_monsterinsights_sitenote_category":0,"footnotes":""},"categories":[36,48],"tags":[],"aioseo_notices":[],"_links":{"self":[{"href":"https:\/\/expressaoms.com.br\/index.php\/wp-json\/wp\/v2\/posts\/1691"}],"collection":[{"href":"https:\/\/expressaoms.com.br\/index.php\/wp-json\/wp\/v2\/posts"}],"about":[{"href":"https:\/\/expressaoms.com.br\/index.php\/wp-json\/wp\/v2\/types\/post"}],"author":[{"embeddable":true,"href":"https:\/\/expressaoms.com.br\/index.php\/wp-json\/wp\/v2\/users\/3"}],"replies":[{"embeddable":true,"href":"https:\/\/expressaoms.com.br\/index.php\/wp-json\/wp\/v2\/comments?post=1691"}],"version-history":[{"count":1,"href":"https:\/\/expressaoms.com.br\/index.php\/wp-json\/wp\/v2\/posts\/1691\/revisions"}],"predecessor-version":[{"id":1693,"href":"https:\/\/expressaoms.com.br\/index.php\/wp-json\/wp\/v2\/posts\/1691\/revisions\/1693"}],"wp:attachment":[{"href":"https:\/\/expressaoms.com.br\/index.php\/wp-json\/wp\/v2\/media?parent=1691"}],"wp:term":[{"taxonomy":"category","embeddable":true,"href":"https:\/\/expressaoms.com.br\/index.php\/wp-json\/wp\/v2\/categories?post=1691"},{"taxonomy":"post_tag","embeddable":true,"href":"https:\/\/expressaoms.com.br\/index.php\/wp-json\/wp\/v2\/tags?post=1691"}],"curies":[{"name":"wp","href":"https:\/\/api.w.org\/{rel}","templated":true}]}}