{"id":1700,"date":"2021-10-21T09:49:34","date_gmt":"2021-10-21T12:49:34","guid":{"rendered":"https:\/\/expressaoms.com.br\/?p=1700"},"modified":"2021-10-21T09:49:34","modified_gmt":"2021-10-21T12:49:34","slug":"governo-federal-anuncia-o-auxilio-brasil","status":"publish","type":"post","link":"https:\/\/expressaoms.com.br\/index.php\/2021\/10\/21\/governo-federal-anuncia-o-auxilio-brasil\/","title":{"rendered":"Governo Federal anuncia o Aux\u00edlio Brasil"},"content":{"rendered":"<p dir=\"ltr\">O Aux\u00edlio Brasil, programa social que substituir\u00e1 o Bolsa Fam\u00edlia, come\u00e7ar\u00e1 ser pago em novembro e ter\u00e1 reajuste linear de 20%, de acordo com o ministro da Cidadania, Jo\u00e3o Roma, em pronunciamento feito nesta quarta-feira (20). A determina\u00e7\u00e3o do Presidente Jair Bolsonaro \u00e9 que as fam\u00edlias em situa\u00e7\u00e3o de pobreza e extrema pobreza n\u00e3o recebam menos de R$ 400.<\/p>\n<p dir=\"ltr\">\u201cO programa permanente, que \u00e9 o Aux\u00edlio Brasil, que sucede o Bolsa Fam\u00edlia, esse programa tem um t\u00edquete m\u00e9dio, portanto, o valor do benef\u00edcio varia de acordo com a composi\u00e7\u00e3o de cada fam\u00edlia. Ent\u00e3o, existem fam\u00edlias que est\u00e3o recebendo menos de R$ 100, e tem outras que recebem at\u00e9 mais de R$ 500. Esse programa ter\u00e1 um reajuste de 20%&#8221;, explicou o ministro da Cidadania, Jo\u00e3o Roma.<\/p>\n<p dir=\"ltr\">\u201cAl\u00e9m disso, o Presidente Jair Bolsonaro nos demandou que a todos aqueles que fazem parte da pobreza e extrema pobreza que est\u00e3o no programa social atrav\u00e9s do Cadastro \u00danico, do SUAS [Sistema \u00danico de Assist\u00eancia Social], que nenhuma dessas fam\u00edlias benefici\u00e1rias receba menos de R$ 400\u201d, detalhou Jo\u00e3o Roma.<\/p>\n<p dir=\"ltr\">\u201cEstamos estruturando um benef\u00edcio transit\u00f3rio que funcionaria at\u00e9 dezembro do pr\u00f3ximo ano e esse benef\u00edcio transit\u00f3rio teria por finalidade equalizar o pagamento desses benef\u00edcios para que nenhuma dessas fam\u00edlias recebam menos de R$ 400\u201d, explicou o ministro.<\/p>\n<h3>Amplia\u00e7\u00e3o<\/h3>\n<p dir=\"ltr\">Segundo Jo\u00e3o Roma, o n\u00famero de benefici\u00e1rios ser\u00e1 ampliado em rela\u00e7\u00e3o ao Bolsa Fam\u00edlia e deve chegar a 16,9 milh\u00f5es de fam\u00edlias. At\u00e9 dezembro ser\u00e1 zerada a fila do programa permanente. \u201cEm novembro j\u00e1 come\u00e7a ser pago o Aux\u00edlio Brasil e em dezembro ele vai, portanto, zerar a fila. Hoje, o programa permanente contempla 14,7 milh\u00f5es de fam\u00edlias e pretendemos chegar perto de 17 milh\u00f5es de fam\u00edlias\u201d, disse o ministro.<\/p>\n<p dir=\"ltr\">O ministro da Cidadania afirmou, ainda, que o Aux\u00edlio Brasil \u00e9 um programa transformador que busca emancipar o cidad\u00e3o. \u201cO Aux\u00edlio Brasil est\u00e1 integrando pol\u00edticas sociais para que dessa maneira possamos, al\u00e9m de oferecer uma teia de prote\u00e7\u00e3o social para a popula\u00e7\u00e3o em situa\u00e7\u00e3o de vulnerabilidade, poder tamb\u00e9m agir com forte peso na transforma\u00e7\u00e3o social oferecendo possibilidades e est\u00edmulos a esses brasileiros para que possam encontrar melhor qualidade de vida\u201d, disse Jo\u00e3o Roma.<\/p>\n<p dir=\"ltr\">No pronunciamento, o ministro da Cidadania explicou que as \u00e1reas econ\u00f4mica e social do governo est\u00e3o tratando internamente e em interlocu\u00e7\u00f5es com o Congresso Nacional para que esses avan\u00e7os, para atender \u00e0s necessidades do povo brasileiro, ocorram de acordo com as regras de responsabilidade fiscal.<\/p>\n<h3>Aux\u00edlio Brasil<\/h3>\n<p dir=\"ltr\">Dentro do Aux\u00edlio Brasil h\u00e1 nove modalidades diferentes de benef\u00edcios. Ele integra em um s\u00f3 programa v\u00e1rias pol\u00edticas p\u00fablicas de assist\u00eancia social, sa\u00fade, educa\u00e7\u00e3o, emprego e renda. Outra caracter\u00edstica fundamental \u00e9 promover o desenvolvimento infantil e juvenil por interm\u00e9dio de apoio financeiro a gestantes, nutrizes, crian\u00e7as e adolescentes.<\/p>\n<p dir=\"ltr\">A iniciativa prev\u00ea medidas para inserir jovens e adultos no mercado de trabalho, articulando as pol\u00edticas de assist\u00eancia social com as a\u00e7\u00f5es de inclus\u00e3o produtiva, empreendedorismo e entrada na economia formal.<\/p>\n<p dir=\"ltr\">\n<pre dir=\"ltr\">Fonte: Governo do Brasil<\/pre>\n","protected":false},"excerpt":{"rendered":"<p>O Aux\u00edlio Brasil, programa social que substituir\u00e1 o Bolsa Fam\u00edlia, come\u00e7ar\u00e1 ser pago em novembro e ter\u00e1 reajuste linear de 20%, de acordo com o ministro da Cidadania, Jo\u00e3o Roma, em pronunciamento feito nesta quarta-feira (20). A determina\u00e7\u00e3o do Presidente Jair Bolsonaro \u00e9 que as fam\u00edlias em situa\u00e7\u00e3o de pobreza e extrema pobreza n\u00e3o recebam [&hellip;]<\/p>\n","protected":false},"author":3,"featured_media":0,"comment_status":"open","ping_status":"open","sticky":false,"template":"","format":"standard","meta":{"om_disable_all_campaigns":false,"_monsterinsights_skip_tracking":false,"_monsterinsights_sitenote_active":false,"_monsterinsights_sitenote_note":"","_monsterinsights_sitenote_category":0,"footnotes":""},"categories":[30,42],"tags":[],"aioseo_notices":[],"_links":{"self":[{"href":"https:\/\/expressaoms.com.br\/index.php\/wp-json\/wp\/v2\/posts\/1700"}],"collection":[{"href":"https:\/\/expressaoms.com.br\/index.php\/wp-json\/wp\/v2\/posts"}],"about":[{"href":"https:\/\/expressaoms.com.br\/index.php\/wp-json\/wp\/v2\/types\/post"}],"author":[{"embeddable":true,"href":"https:\/\/expressaoms.com.br\/index.php\/wp-json\/wp\/v2\/users\/3"}],"replies":[{"embeddable":true,"href":"https:\/\/expressaoms.com.br\/index.php\/wp-json\/wp\/v2\/comments?post=1700"}],"version-history":[{"count":1,"href":"https:\/\/expressaoms.com.br\/index.php\/wp-json\/wp\/v2\/posts\/1700\/revisions"}],"predecessor-version":[{"id":1702,"href":"https:\/\/expressaoms.com.br\/index.php\/wp-json\/wp\/v2\/posts\/1700\/revisions\/1702"}],"wp:attachment":[{"href":"https:\/\/expressaoms.com.br\/index.php\/wp-json\/wp\/v2\/media?parent=1700"}],"wp:term":[{"taxonomy":"category","embeddable":true,"href":"https:\/\/expressaoms.com.br\/index.php\/wp-json\/wp\/v2\/categories?post=1700"},{"taxonomy":"post_tag","embeddable":true,"href":"https:\/\/expressaoms.com.br\/index.php\/wp-json\/wp\/v2\/tags?post=1700"}],"curies":[{"name":"wp","href":"https:\/\/api.w.org\/{rel}","templated":true}]}}