{"id":17018,"date":"2023-03-07T12:06:26","date_gmt":"2023-03-07T15:06:26","guid":{"rendered":"https:\/\/expressaoms.com.br\/?p=17018"},"modified":"2023-03-07T12:06:26","modified_gmt":"2023-03-07T15:06:26","slug":"camara-elege-comissoes-permanentes-de-educacao-meio-ambiente-e-defesa-dos-animais","status":"publish","type":"post","link":"https:\/\/expressaoms.com.br\/index.php\/2023\/03\/07\/camara-elege-comissoes-permanentes-de-educacao-meio-ambiente-e-defesa-dos-animais\/","title":{"rendered":"C\u00e2mara elege comiss\u00f5es permanentes de educa\u00e7\u00e3o, meio ambiente e defesa dos animais"},"content":{"rendered":"<p>Na 4\u00aa sess\u00e3o ordin\u00e1ria da C\u00e2mara Municipal de Tr\u00eas Lagoas, realizada na manh\u00e3 de ter\u00e7a-feira (7), os vereadores aprovaram a forma\u00e7\u00e3o de tr\u00eas comiss\u00f5es permanentes que formam a Mesa Diretora dos trabalhos legislativos.<\/p>\n<p>A Comiss\u00e3o de Educa\u00e7\u00e3o e Cultura ficou com a seguinte forma\u00e7\u00e3o: presidente Marcus Baz\u00e9 e membros as vereadoras Evalda Reis e Sirlene Pereira.<\/p>\n<p>J\u00e1 a Comiss\u00e3o de Meio Ambiente e Turismo ficou formada com o vereador Sargento Rodrigues na presid\u00eancia, tendo como membros as vereadoras Marisa Rocha e Sirlene Pereira.<\/p>\n<p>A vereadora Charlene Bortoleto vai presidir a Comiss\u00e3o de Defesa e Bem-Estar dos Animais e os vereadores Sargento Rodrigues e Marcus Baz\u00e9 ser\u00e3o os membros.<\/p>\n<p>As comiss\u00f5es permanentes foram empossadas na sequ\u00eancia. A elas cabe analisar projetos de lei, entre outras mat\u00e9rias, e fornecer pareceres pertinentes \u00e0 sua \u00e1rea de atua\u00e7\u00e3o, para que sejam levados \u00e0 vota\u00e7\u00e3o, para aprova\u00e7\u00e3o ou rejei\u00e7\u00e3o, com embasamento.<\/p>\n<h3>Debates<\/h3>\n<p>Dentre os v\u00e1rios assuntos abordados pelos vereadores durante o grande expediente, v\u00e1rios pedidos de atendimentos a manuten\u00e7\u00e3o e consertos nas ruas atingidas pelas chuvas em v\u00e1rios bairros da cidade foram destacados, e o atendimento m\u00e9dico em postos de sa\u00fade do munic\u00edpio, UPA e Hospital Regional tamb\u00e9m foram alvos de questionamentos e cr\u00edticas de vereadores.<\/p>\n<p>Acompanhe a sess\u00e3o desta ter\u00e7a-feira (7), na \u00edntegra, no link abaixo:<\/p>\n<p><iframe title=\"4\u00aa Sess\u00e3o Ordin\u00e1ria  (07 de mar\u00e7o de 2023)\" width=\"640\" height=\"360\" src=\"https:\/\/www.youtube.com\/embed\/ZP7I_cg1woY?feature=oembed\" frameborder=\"0\" allow=\"accelerometer; autoplay; clipboard-write; encrypted-media; gyroscope; picture-in-picture; web-share\" referrerpolicy=\"strict-origin-when-cross-origin\" allowfullscreen><\/iframe><\/p>\n","protected":false},"excerpt":{"rendered":"<p>Na 4\u00aa sess\u00e3o ordin\u00e1ria da C\u00e2mara Municipal de Tr\u00eas Lagoas, realizada na manh\u00e3 de ter\u00e7a-feira (7), os vereadores aprovaram a forma\u00e7\u00e3o de tr\u00eas comiss\u00f5es permanentes que formam a Mesa Diretora dos trabalhos legislativos. A Comiss\u00e3o de Educa\u00e7\u00e3o e Cultura ficou com a seguinte forma\u00e7\u00e3o: presidente Marcus Baz\u00e9 e membros as vereadoras Evalda Reis e Sirlene [&hellip;]<\/p>\n","protected":false},"author":3,"featured_media":17019,"comment_status":"open","ping_status":"open","sticky":false,"template":"","format":"standard","meta":{"om_disable_all_campaigns":false,"_monsterinsights_skip_tracking":false,"_monsterinsights_sitenote_active":false,"_monsterinsights_sitenote_note":"","_monsterinsights_sitenote_category":0,"footnotes":""},"categories":[30,42,48],"tags":[],"aioseo_notices":[],"_links":{"self":[{"href":"https:\/\/expressaoms.com.br\/index.php\/wp-json\/wp\/v2\/posts\/17018"}],"collection":[{"href":"https:\/\/expressaoms.com.br\/index.php\/wp-json\/wp\/v2\/posts"}],"about":[{"href":"https:\/\/expressaoms.com.br\/index.php\/wp-json\/wp\/v2\/types\/post"}],"author":[{"embeddable":true,"href":"https:\/\/expressaoms.com.br\/index.php\/wp-json\/wp\/v2\/users\/3"}],"replies":[{"embeddable":true,"href":"https:\/\/expressaoms.com.br\/index.php\/wp-json\/wp\/v2\/comments?post=17018"}],"version-history":[{"count":1,"href":"https:\/\/expressaoms.com.br\/index.php\/wp-json\/wp\/v2\/posts\/17018\/revisions"}],"predecessor-version":[{"id":17020,"href":"https:\/\/expressaoms.com.br\/index.php\/wp-json\/wp\/v2\/posts\/17018\/revisions\/17020"}],"wp:featuredmedia":[{"embeddable":true,"href":"https:\/\/expressaoms.com.br\/index.php\/wp-json\/wp\/v2\/media\/17019"}],"wp:attachment":[{"href":"https:\/\/expressaoms.com.br\/index.php\/wp-json\/wp\/v2\/media?parent=17018"}],"wp:term":[{"taxonomy":"category","embeddable":true,"href":"https:\/\/expressaoms.com.br\/index.php\/wp-json\/wp\/v2\/categories?post=17018"},{"taxonomy":"post_tag","embeddable":true,"href":"https:\/\/expressaoms.com.br\/index.php\/wp-json\/wp\/v2\/tags?post=17018"}],"curies":[{"name":"wp","href":"https:\/\/api.w.org\/{rel}","templated":true}]}}