{"id":17037,"date":"2023-03-08T08:59:22","date_gmt":"2023-03-08T11:59:22","guid":{"rendered":"https:\/\/expressaoms.com.br\/?p=17037"},"modified":"2023-03-08T08:59:22","modified_gmt":"2023-03-08T11:59:22","slug":"brasilia-guerreiro-entrega-portifolio-de-obras-a-serem-executadas-em-tres-lagoas-para-deputado-geraldo-resende","status":"publish","type":"post","link":"https:\/\/expressaoms.com.br\/index.php\/2023\/03\/08\/brasilia-guerreiro-entrega-portifolio-de-obras-a-serem-executadas-em-tres-lagoas-para-deputado-geraldo-resende\/","title":{"rendered":"BRAS\u00cdLIA \u2013 Guerreiro entrega portif\u00f3lio de obras a serem executadas em Tr\u00eas Lagoas para deputado Geraldo Resende"},"content":{"rendered":"<p data-raofz=\"16\">Na manh\u00e3 desta ter\u00e7a-feira (07) o prefeito Angelo Guerreiro esteve no gabinete do deputado federal Geraldo Resende para entrega de um portif\u00f3lio de obras que precisam ser executadas a curto prazo, e precisam do apoio dos representantes do Estado de Mato Grosso do Sul em Bras\u00edlia.<\/p>\n<p data-raofz=\"16\">Durante a entrega, o prefeito estava acompanhado do vereador presidente da C\u00e2mara, Cassiano Maia, dos vereadores Marcus Baz\u00e9 e Tonh\u00e3o, al\u00e9m do secret\u00e1rio de Governo e Pol\u00edticas P\u00fablicas, Daynler Leonel Martins e a secret\u00e1ria de Sa\u00fade, Elaine F\u00fario. Al\u00e9m de obras de pavimenta\u00e7\u00e3o, drenagem e outras melhorias em infraestrutura e edifica\u00e7\u00e3o, o relat\u00f3rio apresenta melhorias na \u00e1rea de sa\u00fade do munic\u00edpio.<\/p>\n<p data-raofz=\"16\">\u201cO Resende representa n\u00e3o somente Tr\u00eas Lagoas, mas todos os outros 78 munic\u00edpios do nosso querido Estado. Com apoio dele e demais parlamentares conseguiremos agilizar os recursos e empenhos necess\u00e1rios para execu\u00e7\u00e3o dessas obras\u201d, enfatizou Guerreiro.<\/p>\n<p data-raofz=\"16\">O deputado, por sua vez, deixou claro que vai levar o portif\u00f3lio ao conhecimento dos demais parlamentares. \u201cVou olhar com muito cuidado a qualidade do trabalho e a solicita\u00e7\u00f5es apresentadas pelo prefeito e vou construir juntos dos outros 8 deputados e 3 senadores que representam o estado de MS a possibilidade de atender a essas demandas.\u201d<\/p>\n<p data-raofz=\"16\">Al\u00e9m dessa visita ao deputado, o chefe do executivo e sua comitiva est\u00e3o em Bras\u00edlia para cumprimento de outras diversas agendas oficiais de interesse do munic\u00edpio.<\/p>\n","protected":false},"excerpt":{"rendered":"<p>Na manh\u00e3 desta ter\u00e7a-feira (07) o prefeito Angelo Guerreiro esteve no gabinete do deputado federal Geraldo Resende para entrega de um portif\u00f3lio de obras que precisam ser executadas a curto prazo, e precisam do apoio dos representantes do Estado de Mato Grosso do Sul em Bras\u00edlia. Durante a entrega, o prefeito estava acompanhado do vereador [&hellip;]<\/p>\n","protected":false},"author":2,"featured_media":17038,"comment_status":"open","ping_status":"open","sticky":false,"template":"","format":"standard","meta":{"om_disable_all_campaigns":false,"_monsterinsights_skip_tracking":false,"_monsterinsights_sitenote_active":false,"_monsterinsights_sitenote_note":"","_monsterinsights_sitenote_category":0,"footnotes":""},"categories":[30,42,48],"tags":[],"aioseo_notices":[],"_links":{"self":[{"href":"https:\/\/expressaoms.com.br\/index.php\/wp-json\/wp\/v2\/posts\/17037"}],"collection":[{"href":"https:\/\/expressaoms.com.br\/index.php\/wp-json\/wp\/v2\/posts"}],"about":[{"href":"https:\/\/expressaoms.com.br\/index.php\/wp-json\/wp\/v2\/types\/post"}],"author":[{"embeddable":true,"href":"https:\/\/expressaoms.com.br\/index.php\/wp-json\/wp\/v2\/users\/2"}],"replies":[{"embeddable":true,"href":"https:\/\/expressaoms.com.br\/index.php\/wp-json\/wp\/v2\/comments?post=17037"}],"version-history":[{"count":1,"href":"https:\/\/expressaoms.com.br\/index.php\/wp-json\/wp\/v2\/posts\/17037\/revisions"}],"predecessor-version":[{"id":17039,"href":"https:\/\/expressaoms.com.br\/index.php\/wp-json\/wp\/v2\/posts\/17037\/revisions\/17039"}],"wp:featuredmedia":[{"embeddable":true,"href":"https:\/\/expressaoms.com.br\/index.php\/wp-json\/wp\/v2\/media\/17038"}],"wp:attachment":[{"href":"https:\/\/expressaoms.com.br\/index.php\/wp-json\/wp\/v2\/media?parent=17037"}],"wp:term":[{"taxonomy":"category","embeddable":true,"href":"https:\/\/expressaoms.com.br\/index.php\/wp-json\/wp\/v2\/categories?post=17037"},{"taxonomy":"post_tag","embeddable":true,"href":"https:\/\/expressaoms.com.br\/index.php\/wp-json\/wp\/v2\/tags?post=17037"}],"curies":[{"name":"wp","href":"https:\/\/api.w.org\/{rel}","templated":true}]}}