{"id":17066,"date":"2023-03-08T13:34:28","date_gmt":"2023-03-08T16:34:28","guid":{"rendered":"https:\/\/expressaoms.com.br\/?p=17066"},"modified":"2023-03-08T13:34:28","modified_gmt":"2023-03-08T16:34:28","slug":"poliesportivo-da-lagoa-maior-estara-fechado-para-manutencao-e-projetos-serao-remanejados-para-outros-locais","status":"publish","type":"post","link":"https:\/\/expressaoms.com.br\/index.php\/2023\/03\/08\/poliesportivo-da-lagoa-maior-estara-fechado-para-manutencao-e-projetos-serao-remanejados-para-outros-locais\/","title":{"rendered":"Poliesportivo da Lagoa Maior estar\u00e1 fechado para manuten\u00e7\u00e3o e projetos ser\u00e3o remanejados para outros locais"},"content":{"rendered":"<p data-raofz=\"16\">A Secretaria Municipal de Esporte, Juventude e Lazer (SEJUVEL) comunica a toda popula\u00e7\u00e3o que o Gin\u00e1sio Poliesportivo \u201cEduardo Milanez\u201d na Lagoa Maior est\u00e1 fechado para manuten\u00e7\u00e3o e conserto dos estragos causados pela forte chuva de segunda-feira (06).<\/p>\n<p data-raofz=\"16\">Conforme o secret\u00e1rio da pasta, Rialino Medeiros, o local n\u00e3o est\u00e1 em condi\u00e7\u00f5es de uso e para garantir a integridade e seguran\u00e7a dos usu\u00e1rios, os projetos realizados no local e agendamento para uso da popula\u00e7\u00e3o est\u00e3o suspensos.<\/p>\n<p data-raofz=\"16\">\u201cA ventania causou estragos no alambrado, postes, fia\u00e7\u00e3o el\u00e9trica e cobertura, contando tamb\u00e9m com vazamentos e telhas soltas. No momento est\u00e1 imposs\u00edvel manter qualquer atividade no Poli, por\u00e9m, j\u00e1 estamos fazendo o levantamento do preju\u00edzo para posteriormente dar in\u00edcio ao servi\u00e7o de manuten\u00e7\u00e3o no local\u201d, disse.<\/p>\n<p data-raofz=\"16\">Os projetos esportivos realizados no local est\u00e3o sendo remanejados para o Gin\u00e1sio Municipal \u201cCacilda Acre Rocha\u201d e Est\u00e1dio da Aden. A SEJUVEL orienta os pais e alunos dos projetos esportivos a procurar os professores para se informar dos novos locais e hor\u00e1rios.<\/p>\n<p data-raofz=\"16\">Mais informa\u00e7\u00f5es pelo telefone (67) 3929-1800.<\/p>\n","protected":false},"excerpt":{"rendered":"<p>A Secretaria Municipal de Esporte, Juventude e Lazer (SEJUVEL) comunica a toda popula\u00e7\u00e3o que o Gin\u00e1sio Poliesportivo \u201cEduardo Milanez\u201d na Lagoa Maior est\u00e1 fechado para manuten\u00e7\u00e3o e conserto dos estragos causados pela forte chuva de segunda-feira (06). Conforme o secret\u00e1rio da pasta, Rialino Medeiros, o local n\u00e3o est\u00e1 em condi\u00e7\u00f5es de uso e para garantir [&hellip;]<\/p>\n","protected":false},"author":2,"featured_media":17067,"comment_status":"open","ping_status":"open","sticky":false,"template":"","format":"standard","meta":{"om_disable_all_campaigns":false,"_monsterinsights_skip_tracking":false,"_monsterinsights_sitenote_active":false,"_monsterinsights_sitenote_note":"","_monsterinsights_sitenote_category":0,"footnotes":""},"categories":[34,36,48],"tags":[],"aioseo_notices":[],"_links":{"self":[{"href":"https:\/\/expressaoms.com.br\/index.php\/wp-json\/wp\/v2\/posts\/17066"}],"collection":[{"href":"https:\/\/expressaoms.com.br\/index.php\/wp-json\/wp\/v2\/posts"}],"about":[{"href":"https:\/\/expressaoms.com.br\/index.php\/wp-json\/wp\/v2\/types\/post"}],"author":[{"embeddable":true,"href":"https:\/\/expressaoms.com.br\/index.php\/wp-json\/wp\/v2\/users\/2"}],"replies":[{"embeddable":true,"href":"https:\/\/expressaoms.com.br\/index.php\/wp-json\/wp\/v2\/comments?post=17066"}],"version-history":[{"count":1,"href":"https:\/\/expressaoms.com.br\/index.php\/wp-json\/wp\/v2\/posts\/17066\/revisions"}],"predecessor-version":[{"id":17068,"href":"https:\/\/expressaoms.com.br\/index.php\/wp-json\/wp\/v2\/posts\/17066\/revisions\/17068"}],"wp:featuredmedia":[{"embeddable":true,"href":"https:\/\/expressaoms.com.br\/index.php\/wp-json\/wp\/v2\/media\/17067"}],"wp:attachment":[{"href":"https:\/\/expressaoms.com.br\/index.php\/wp-json\/wp\/v2\/media?parent=17066"}],"wp:term":[{"taxonomy":"category","embeddable":true,"href":"https:\/\/expressaoms.com.br\/index.php\/wp-json\/wp\/v2\/categories?post=17066"},{"taxonomy":"post_tag","embeddable":true,"href":"https:\/\/expressaoms.com.br\/index.php\/wp-json\/wp\/v2\/tags?post=17066"}],"curies":[{"name":"wp","href":"https:\/\/api.w.org\/{rel}","templated":true}]}}