{"id":1709,"date":"2021-10-21T10:06:10","date_gmt":"2021-10-21T13:06:10","guid":{"rendered":"https:\/\/expressaoms.com.br\/?p=1709"},"modified":"2021-10-21T10:06:10","modified_gmt":"2021-10-21T13:06:10","slug":"camara-rejeita-pec-que-previa-mudancas-no-cnmp","status":"publish","type":"post","link":"https:\/\/expressaoms.com.br\/index.php\/2021\/10\/21\/camara-rejeita-pec-que-previa-mudancas-no-cnmp\/","title":{"rendered":"C\u00e2mara rejeita PEC que previa mudan\u00e7as no CNMP"},"content":{"rendered":"<p>A C\u00e2mara dos Deputados rejeitou, nesta quarta-feira (20), por 297 votos favor\u00e1veis e 182 contr\u00e1rios, a proposta de emenda \u00e0 Constitui\u00e7\u00e3o (PEC) 5 de 2021 que altera a composi\u00e7\u00e3o do Conselho Nacional do Minist\u00e9rio P\u00fablico (CNMP). N\u00famero de absten\u00e7\u00e3o ficou em quatro.<img decoding=\"async\" src=\"https:\/\/agenciabrasil.ebc.com.br\/ebc.png?id=1425155&amp;o=node\" \/><img decoding=\"async\" src=\"https:\/\/agenciabrasil.ebc.com.br\/ebc.gif?id=1425155&amp;o=node\" \/><\/p>\n<p>Faltando apenas 11 votos para aprova\u00e7\u00e3o, o substitutivo do deputado Paulo Magalh\u00e3es (PSD-BA) precisava de 308 votos para que fosse aprovado. A mat\u00e9ria previa a amplia\u00e7\u00e3o do Conselho Nacional do Minist\u00e9rio P\u00fablico (CNMP) de 14 para 17 vagas. A previs\u00e3o \u00e9 de que os deputados analisem o texto original da proposta, do deputado Paulo Teixeira (PT-SP).<\/p>\n<p>O texto de Paulo Magalh\u00e3es\u00a0previa que cinco integrantes do CNMP seriam indicados ou eleitos pelo Poder Legislativo. Atualmente, s\u00e3o apenas dois indicados. A PEC tamb\u00e9m prop\u00f5e a altera\u00e7\u00e3o da indica\u00e7\u00e3o do corregedor nacional do Minist\u00e9rio P\u00fablico, que deve ser o vice-presidente do CNMP.<\/p>\n<p>A proposta de Magalh\u00e3es determinava ainda que seria\u00a0elaborado um c\u00f3digo de \u00e9tica no prazo de 120 dias ap\u00f3s a promulga\u00e7\u00e3o da PEC. Se esse prazo n\u00e3o fosse cumprido, o Congresso Nacional deveria elaborar uma lei ordin\u00e1ria.<\/p>\n<h2>Cr\u00edticas<\/h2>\n<p>Entre as principais pol\u00eamicas do texto, estava a escolha do corregedor do CNMP. Na \u00faltima vers\u00e3o do texto de Paulo Magalh\u00e3es, estava previsto o revezamento entre C\u00e2mara e Senado na escolha do nome em uma lista de cinco apontados pelos pr\u00f3prios procuradores-Gerais de Justi\u00e7a.<\/p>\n<p>Na semana passada, a Associa\u00e7\u00e3o Nacional dos Procuradores da Rep\u00fablica (ANPR) e a Associa\u00e7\u00e3o Nacional dos Procuradores e das Procuradoras do Trabalho (ANPT) se posicionaram integralmente contra a proposta e pediram a rejei\u00e7\u00e3o da mat\u00e9ria. Entre as cr\u00edticas, est\u00e1 a tramita\u00e7\u00e3o acelerada da proposta e a avalia\u00e7\u00e3o de que \u201co texto apresentado viola a autonomia institucional do Minist\u00e9rio P\u00fablico e a independ\u00eancia funcional de seus membros\u201d.<\/p>\n<p>&nbsp;<\/p>\n<pre>Fonte: Ag\u00eancia Brasil<\/pre>\n","protected":false},"excerpt":{"rendered":"<p>A C\u00e2mara dos Deputados rejeitou, nesta quarta-feira (20), por 297 votos favor\u00e1veis e 182 contr\u00e1rios, a proposta de emenda \u00e0 Constitui\u00e7\u00e3o (PEC) 5 de 2021 que altera a composi\u00e7\u00e3o do Conselho Nacional do Minist\u00e9rio P\u00fablico (CNMP). N\u00famero de absten\u00e7\u00e3o ficou em quatro. Faltando apenas 11 votos para aprova\u00e7\u00e3o, o substitutivo do deputado Paulo Magalh\u00e3es (PSD-BA) [&hellip;]<\/p>\n","protected":false},"author":3,"featured_media":0,"comment_status":"open","ping_status":"open","sticky":false,"template":"","format":"standard","meta":{"om_disable_all_campaigns":false,"_monsterinsights_skip_tracking":false,"_monsterinsights_sitenote_active":false,"_monsterinsights_sitenote_note":"","_monsterinsights_sitenote_category":0,"footnotes":""},"categories":[42],"tags":[],"aioseo_notices":[],"_links":{"self":[{"href":"https:\/\/expressaoms.com.br\/index.php\/wp-json\/wp\/v2\/posts\/1709"}],"collection":[{"href":"https:\/\/expressaoms.com.br\/index.php\/wp-json\/wp\/v2\/posts"}],"about":[{"href":"https:\/\/expressaoms.com.br\/index.php\/wp-json\/wp\/v2\/types\/post"}],"author":[{"embeddable":true,"href":"https:\/\/expressaoms.com.br\/index.php\/wp-json\/wp\/v2\/users\/3"}],"replies":[{"embeddable":true,"href":"https:\/\/expressaoms.com.br\/index.php\/wp-json\/wp\/v2\/comments?post=1709"}],"version-history":[{"count":1,"href":"https:\/\/expressaoms.com.br\/index.php\/wp-json\/wp\/v2\/posts\/1709\/revisions"}],"predecessor-version":[{"id":1711,"href":"https:\/\/expressaoms.com.br\/index.php\/wp-json\/wp\/v2\/posts\/1709\/revisions\/1711"}],"wp:attachment":[{"href":"https:\/\/expressaoms.com.br\/index.php\/wp-json\/wp\/v2\/media?parent=1709"}],"wp:term":[{"taxonomy":"category","embeddable":true,"href":"https:\/\/expressaoms.com.br\/index.php\/wp-json\/wp\/v2\/categories?post=1709"},{"taxonomy":"post_tag","embeddable":true,"href":"https:\/\/expressaoms.com.br\/index.php\/wp-json\/wp\/v2\/tags?post=1709"}],"curies":[{"name":"wp","href":"https:\/\/api.w.org\/{rel}","templated":true}]}}