{"id":17105,"date":"2023-03-09T07:33:30","date_gmt":"2023-03-09T10:33:30","guid":{"rendered":"https:\/\/expressaoms.com.br\/?p=17105"},"modified":"2023-03-09T14:18:45","modified_gmt":"2023-03-09T17:18:45","slug":"vereadoras-entregam-homenagens-no-dia-da-mulher","status":"publish","type":"post","link":"https:\/\/expressaoms.com.br\/index.php\/2023\/03\/09\/vereadoras-entregam-homenagens-no-dia-da-mulher\/","title":{"rendered":"Vereadoras entregam homenagens no Dia da Mulher"},"content":{"rendered":"<p>Durante a noite desta quarta-feira (8), no plen\u00e1rio da C\u00e2mara Municipal de Tr\u00eas Lagoas, as vereadoras Charlene Bortoleto, Evalda Reis, Marisa Rocha, Sayuri Baez e Sirlene realizaram uma sess\u00e3o solene em comemora\u00e7\u00e3o ao Dia Internacional das Mulheres, entregando mo\u00e7\u00f5es de congratula\u00e7\u00e3o para mulheres que se destacaram pelos excelentes e relevantes servi\u00e7os prestados \u00e0 comunidade.<\/p>\n<p>A sess\u00e3o foi presidida pela vereadora Evalda Reis, que ap\u00f3s declarar aberta a solenidade, abriu espa\u00e7o para mensagem por v\u00eddeo. O vereador doutor Cassiano Maia, presidente da C\u00e2mara, parabenizou o esfor\u00e7o das mulheres da Casa, em especial, das cinco vereadoras, para essa solenidade. \u201cHoje a palestra tem como tema o respeito e tenho certeza que ele \u00e9 a sa\u00edda para muitos dos problemas. Estamos juntos nessa luta para construir um mundo melhor\u201d.<\/p>\n<p>Na sequencia foram entregues as homenagens. Cada vereadora apresentou requerimento para homenagear tr\u00eas mulheres. Charlene Bortoleto fez o pedido para Joana D\u2019arc Ribeiro da Costa, Sonia Maria Teresinha Barbosa e Ivone Ferreira de Souza. Evalda Reis apresentou pedido para homenagear Luciana Rueda Soares, Lucimeire Leandro da Silva e Silvia Cristina da Silva. Marisa Rocha listou Adriana Furlan Gueli, Maria Izabel Batista Bezerra e Juliana Serafim Barbosa. Sayuri Baez indicou Lucineide Aparecida de Souza Supliano, Noemy Uehara e Joelma Mendes Pedroso. E Sirlene indicou a pastora Maryleia Silva, Nelci Soares de Castro e Sueli Freitas Mariano Vieira.<\/p>\n<p>A homenageada Noemy Uehara, presidente do Rotary Costa Leste, que tem apoiado a\u00e7\u00f5es da Associa\u00e7\u00e3o dos Autistas de TL (AFADA), usou a tribuna e falou sobre a import\u00e2ncia do projeto com as m\u00e3es de autistas, que sofrem muito. S\u00e3o mulheres muito fortes, que precisam muito de apoio. Sueli Freitas Mariano Vieira, homenageada pela Sirlene, parabenizou as vereadoras por serem mulheres representantes da nossa sociedade, desejando que todas as mulheres sejam representantes das suas fam\u00edlias e de algo bom na sociedade.<\/p>\n<p>A vereadora Sayuri desejou que todas as mulheres, n\u00e3o s\u00f3 as homenageadas, tenham o respeito que uma mulher merece. \u201cPrecisamos de mais mulheres na pol\u00edtica\u201d, afirmou. Baez finalizou falando em Libras, enviando um parab\u00e9ns especial para as mulheres surdas.<\/p>\n<p>Charlene Bortoleto leu uma reflex\u00e3o sobre a falta de liberdade e dignidade sofrida (e que ainda sofrem) pelas mulheres: \u201csejam fortes e a voz de todas essas mulheres silenciadas durante a hist\u00f3ria\u201d. Sirlene lembrou que apesar das dificuldades, \u201ca vit\u00f3ria chega para cada um\u201d, fazendo refer\u00eancia sobre as biografias das homenageadas, que demonstraram ser grandes vencedoras.<\/p>\n<p>\u201cVoc\u00eas s\u00e3o espelhos para todas as mulheres, cada uma em seu segmento\u201d, destacou Marisa Rocha para as homenageadas. A vereadora finalizou desejando a ousadia para todas as mulheres. Por fim, Evalda Reis finalizou com agradecimentos e, ap\u00f3s a apresenta\u00e7\u00e3o da homenageada Lucineide Aparecida de Souza Supliano, que tamb\u00e9m cantou na abertura, encerrou a solenidade.<\/p>\n","protected":false},"excerpt":{"rendered":"<p>Durante a noite desta quarta-feira (8), no plen\u00e1rio da C\u00e2mara Municipal de Tr\u00eas Lagoas, as vereadoras Charlene Bortoleto, Evalda Reis, Marisa Rocha, Sayuri Baez e Sirlene realizaram uma sess\u00e3o solene em comemora\u00e7\u00e3o ao Dia Internacional das Mulheres, entregando mo\u00e7\u00f5es de congratula\u00e7\u00e3o para mulheres que se destacaram pelos excelentes e relevantes servi\u00e7os prestados \u00e0 comunidade. A [&hellip;]<\/p>\n","protected":false},"author":3,"featured_media":17106,"comment_status":"open","ping_status":"open","sticky":false,"template":"","format":"standard","meta":{"om_disable_all_campaigns":false,"_monsterinsights_skip_tracking":false,"_monsterinsights_sitenote_active":false,"_monsterinsights_sitenote_note":"","_monsterinsights_sitenote_category":0,"footnotes":""},"categories":[42,48],"tags":[],"aioseo_notices":[],"_links":{"self":[{"href":"https:\/\/expressaoms.com.br\/index.php\/wp-json\/wp\/v2\/posts\/17105"}],"collection":[{"href":"https:\/\/expressaoms.com.br\/index.php\/wp-json\/wp\/v2\/posts"}],"about":[{"href":"https:\/\/expressaoms.com.br\/index.php\/wp-json\/wp\/v2\/types\/post"}],"author":[{"embeddable":true,"href":"https:\/\/expressaoms.com.br\/index.php\/wp-json\/wp\/v2\/users\/3"}],"replies":[{"embeddable":true,"href":"https:\/\/expressaoms.com.br\/index.php\/wp-json\/wp\/v2\/comments?post=17105"}],"version-history":[{"count":1,"href":"https:\/\/expressaoms.com.br\/index.php\/wp-json\/wp\/v2\/posts\/17105\/revisions"}],"predecessor-version":[{"id":17107,"href":"https:\/\/expressaoms.com.br\/index.php\/wp-json\/wp\/v2\/posts\/17105\/revisions\/17107"}],"wp:featuredmedia":[{"embeddable":true,"href":"https:\/\/expressaoms.com.br\/index.php\/wp-json\/wp\/v2\/media\/17106"}],"wp:attachment":[{"href":"https:\/\/expressaoms.com.br\/index.php\/wp-json\/wp\/v2\/media?parent=17105"}],"wp:term":[{"taxonomy":"category","embeddable":true,"href":"https:\/\/expressaoms.com.br\/index.php\/wp-json\/wp\/v2\/categories?post=17105"},{"taxonomy":"post_tag","embeddable":true,"href":"https:\/\/expressaoms.com.br\/index.php\/wp-json\/wp\/v2\/tags?post=17105"}],"curies":[{"name":"wp","href":"https:\/\/api.w.org\/{rel}","templated":true}]}}