{"id":1712,"date":"2021-10-21T15:56:09","date_gmt":"2021-10-21T18:56:09","guid":{"rendered":"https:\/\/expressaoms.com.br\/?p=1712"},"modified":"2021-10-21T15:56:09","modified_gmt":"2021-10-21T18:56:09","slug":"dr-cassiano-maia-recebe-apae-e-agentes-comunitarios-da-saude","status":"publish","type":"post","link":"https:\/\/expressaoms.com.br\/index.php\/2021\/10\/21\/dr-cassiano-maia-recebe-apae-e-agentes-comunitarios-da-saude\/","title":{"rendered":"Dr. Cassiano Maia recebe Apae e agentes comunit\u00e1rios da sa\u00fade"},"content":{"rendered":"<p>Na manh\u00e3 desta quinta-feira (21), o presidente da C\u00e2mara Municipal, Doutor Cassiano Maia, recebeu representantes da Apae e agentes comunit\u00e1rios da sa\u00fade do Jardim Atenas, que procuraram a Casa do Povo para buscar apoio para reivindica\u00e7\u00f5es.<\/p>\n<p>A primeira reuni\u00e3o foi com Nelson Silva Torres, diretor financeiro da Apae, e Luiz Fausto Rodrigues, primeiro secret\u00e1rio da Apae, que vieram apresentar a situa\u00e7\u00e3o financeira da institui\u00e7\u00e3o e pedir apoio para manter o atendimento de sa\u00fade de aproximadamente 500 crian\u00e7as do Centro Especializado em Reabilita\u00e7\u00e3o (CER II), localizado na avenida Filinto Muller, n\u00ba95. Para entender melhor a situa\u00e7\u00e3o e conseguir uma solu\u00e7\u00e3o o mais r\u00e1pido poss\u00edvel, juntamente com o Poder Executivo, o presidente agendou uma reuni\u00e3o com a secret\u00e1ria de Sa\u00fade P\u00fablica, Elaine Cristina Ferrari Furio, na pr\u00f3xima quarta-feira (27), \u00e0s 9h.<\/p>\n<p>A segunda reuni\u00e3o foi com os agentes de sa\u00fade da unidade do Jardim Atenas, as quais solicitaram que o presidente auxilie a resolver uma quest\u00e3o de desconto de 5% que vem ocorrendo em um incentivo financeiro recebido pela categoria. Segundo as profissionais, o incentivo tem repasse federal de 95% e o restante \u00e9 complementado pela prefeitura. No entanto, de acordo com elas, o munic\u00edpio desconta os 5% a t\u00edtulo de custeio. O pedido \u00e9 que se estude a possibilidade de n\u00e3o ocorrer o desconto, em 2021.<\/p>\n<p>Por telefone, Cassiano Maia antecipou o assunto com a secret\u00e1ria de Sa\u00fade P\u00fablica, Elaine F\u00fario, e ambos se comprometeram a analisar a situa\u00e7\u00e3o e a possibilidade de atendimento da solicita\u00e7\u00e3o.<\/p>\n<p>&nbsp;<\/p>\n<p>&nbsp;<\/p>\n<pre>Fonte: CMTLS<\/pre>\n","protected":false},"excerpt":{"rendered":"<p>Na manh\u00e3 desta quinta-feira (21), o presidente da C\u00e2mara Municipal, Doutor Cassiano Maia, recebeu representantes da Apae e agentes comunit\u00e1rios da sa\u00fade do Jardim Atenas, que procuraram a Casa do Povo para buscar apoio para reivindica\u00e7\u00f5es. A primeira reuni\u00e3o foi com Nelson Silva Torres, diretor financeiro da Apae, e Luiz Fausto Rodrigues, primeiro secret\u00e1rio da [&hellip;]<\/p>\n","protected":false},"author":3,"featured_media":0,"comment_status":"open","ping_status":"open","sticky":false,"template":"","format":"standard","meta":{"om_disable_all_campaigns":false,"_monsterinsights_skip_tracking":false,"_monsterinsights_sitenote_active":false,"_monsterinsights_sitenote_note":"","_monsterinsights_sitenote_category":0,"footnotes":""},"categories":[42,48],"tags":[],"aioseo_notices":[],"_links":{"self":[{"href":"https:\/\/expressaoms.com.br\/index.php\/wp-json\/wp\/v2\/posts\/1712"}],"collection":[{"href":"https:\/\/expressaoms.com.br\/index.php\/wp-json\/wp\/v2\/posts"}],"about":[{"href":"https:\/\/expressaoms.com.br\/index.php\/wp-json\/wp\/v2\/types\/post"}],"author":[{"embeddable":true,"href":"https:\/\/expressaoms.com.br\/index.php\/wp-json\/wp\/v2\/users\/3"}],"replies":[{"embeddable":true,"href":"https:\/\/expressaoms.com.br\/index.php\/wp-json\/wp\/v2\/comments?post=1712"}],"version-history":[{"count":1,"href":"https:\/\/expressaoms.com.br\/index.php\/wp-json\/wp\/v2\/posts\/1712\/revisions"}],"predecessor-version":[{"id":1714,"href":"https:\/\/expressaoms.com.br\/index.php\/wp-json\/wp\/v2\/posts\/1712\/revisions\/1714"}],"wp:attachment":[{"href":"https:\/\/expressaoms.com.br\/index.php\/wp-json\/wp\/v2\/media?parent=1712"}],"wp:term":[{"taxonomy":"category","embeddable":true,"href":"https:\/\/expressaoms.com.br\/index.php\/wp-json\/wp\/v2\/categories?post=1712"},{"taxonomy":"post_tag","embeddable":true,"href":"https:\/\/expressaoms.com.br\/index.php\/wp-json\/wp\/v2\/tags?post=1712"}],"curies":[{"name":"wp","href":"https:\/\/api.w.org\/{rel}","templated":true}]}}