{"id":1715,"date":"2021-10-21T16:00:44","date_gmt":"2021-10-21T19:00:44","guid":{"rendered":"https:\/\/expressaoms.com.br\/?p=1715"},"modified":"2021-10-21T16:00:44","modified_gmt":"2021-10-21T19:00:44","slug":"camara-lanca-projeto-de-visita-guiada-com-a-escola-luiz-lopes-de-carvalho","status":"publish","type":"post","link":"https:\/\/expressaoms.com.br\/index.php\/2021\/10\/21\/camara-lanca-projeto-de-visita-guiada-com-a-escola-luiz-lopes-de-carvalho\/","title":{"rendered":"C\u00e2mara lan\u00e7a projeto de \u201cVisita Guiada\u201d com a escola Luiz Lopes de Carvalho"},"content":{"rendered":"<p>A C\u00e2mara Municipal de Tr\u00eas Lagoas lan\u00e7ou, nesta ter\u00e7a-feira (19), o programa \u201cVisita Guiada\u201d, a\u00e7\u00e3o coordenada pela Escola do Legislativo, com apoio do setor de Comunica\u00e7\u00e3o da Casa e do gabinete da presid\u00eancia, recebendo 18 alunos do terceiro ano do ensino m\u00e9dio da Escola Estadual Luiz Lopes de Carvalho, juntamente com a professora de Filosofia Nat\u00e1lia Estaves, e a coordenadora pedag\u00f3gica, Jaqueline de Oliveira Castanheira.<\/p>\n<p>A visita foi solicitada pela escola, por\u00e9m foi o marco para lan\u00e7ar o projeto que \u00e9 uma iniciativa da gest\u00e3o do presidente Doutor Cassiano Maia, que visa implantar diversas a\u00e7\u00f5es de aproxima\u00e7\u00e3o com a comunidade e de esclarecimentos sobre as fun\u00e7\u00f5es da C\u00e2mara, assim como a sua import\u00e2ncia para o desenvolvimento do munic\u00edpio.<\/p>\n<p>Os alunos foram recebidos no plen\u00e1rio e participaram de uma palestra interativa, usando seus celulares, ocasi\u00e3o em que refor\u00e7aram seus conhecimentos sobre os poderes da Rep\u00fablica, atribui\u00e7\u00f5es da C\u00e2mara e composi\u00e7\u00e3o da atual legislatura. Tamb\u00e9m assistiram a um v\u00eddeo institucional, no qual entenderam o rito da sess\u00e3o e como s\u00e3o formuladas as leis e como os vereadores encaminham suas indica\u00e7\u00f5es e requerimentos, visando representar a popula\u00e7\u00e3o.<\/p>\n<p>O presidente da C\u00e2mara, Dr. Cassiano Maia, recepcionou os alunos, destacando a import\u00e2ncia do interesse na vida p\u00fablica e da participa\u00e7\u00e3o dos jovens na pol\u00edtica. Ainda reafirmou o compromisso da Casa em educar a popula\u00e7\u00e3o para a cidadania. Os vereadores Tonh\u00e3o, Negu Breno, Andr\u00e9 Bittencourt e Brit\u00e3o do Pov\u00e3o participaram das atividades e tamb\u00e9m falaram com os alunos, esclarecendo d\u00favidas e estimulando a participa\u00e7\u00e3o social e o empenho de todos em busca de um futuro melhor por meio da pol\u00edtica. Lembraram, inclusive, que qualquer pessoa pode ingressar na pol\u00edtica e ser uma lideran\u00e7a pelo bem comum. O vereador Bitterncourt distribuiu um exemplar da Constitui\u00e7\u00e3o Federal a todos os convidados.<\/p>\n<p>Os visitantes foram guiados para conhecer os setores administrativos da C\u00e2mara, momento em que entenderam um pouco do funcionamento, desde a quest\u00e3o burocr\u00e1tica sobre o processo legislativo at\u00e9 atua\u00e7\u00e3o jur\u00eddica, RH, e mecanismos de controle e transpar\u00eancia, como o Portal da Transpar\u00eancia, setor de licita\u00e7\u00f5es e controladoria.<\/p>\n<p>Tamb\u00e9m foram guiados para visitar o Memorial de ex-presidentes e alguns gabinetes. Assim, foram recebidos por assessores dos vereadores Sargento Rodrigues, Sayuri Baez e Paulo Veron e pelos vereadores Marcus Baz\u00e9, Negu Breno, Tonh\u00e3o e Doutor Issam Fares J\u00fanior.<\/p>\n<p>Os parlamentares tiveram oportunidade de explicar os trabalhados que v\u00eam desenvolvendo, os setores em que mais atuam, o relacionamento com a Prefeitura, as formas de conseguir benef\u00edcios para todos e como seus gabinetes prestam atendimento \u00e0 popula\u00e7\u00e3o. A motiva\u00e7\u00e3o dos jovens para concluir os estudos e a constru\u00e7\u00e3o da cidadania tamb\u00e9m foram \u00a0assuntos presentes o tempo todo. Os alunos ainda aproveitaram para tirar d\u00favidas e curiosidades. Ao final, os visitantes receberam um certificado pela participa\u00e7\u00e3o.<\/p>\n<p>Segundo o presidente, o objetivo \u00e9 estabelecer um cronograma de visitas guiadas, incluindo outras faixas et\u00e1rias e grupos da sociedade civil, de forma a reduzir a dist\u00e2ncia que ainda possa haver entre o Poder Legislativo e a comunidade. A inten\u00e7\u00e3o \u00e9 principalmente educativa e de soma de esfor\u00e7os pelas melhorias locais. \u201cAgora, que demos posse para a servidora na \u00e1rea de Pedagogia, nossa Escola do Legislativo dever\u00e1 desenvolver um trabalho para forma\u00e7\u00e3o da nossa comunidade e dos nossos servidores\u201d, afirmou Dr. Cassiano.<\/p>\n<p>&nbsp;<\/p>\n<p>&nbsp;<\/p>\n<pre>Fonte: CMTLS<\/pre>\n","protected":false},"excerpt":{"rendered":"<p>A C\u00e2mara Municipal de Tr\u00eas Lagoas lan\u00e7ou, nesta ter\u00e7a-feira (19), o programa \u201cVisita Guiada\u201d, a\u00e7\u00e3o coordenada pela Escola do Legislativo, com apoio do setor de Comunica\u00e7\u00e3o da Casa e do gabinete da presid\u00eancia, recebendo 18 alunos do terceiro ano do ensino m\u00e9dio da Escola Estadual Luiz Lopes de Carvalho, juntamente com a professora de Filosofia [&hellip;]<\/p>\n","protected":false},"author":3,"featured_media":0,"comment_status":"open","ping_status":"open","sticky":false,"template":"","format":"standard","meta":{"om_disable_all_campaigns":false,"_monsterinsights_skip_tracking":false,"_monsterinsights_sitenote_active":false,"_monsterinsights_sitenote_note":"","_monsterinsights_sitenote_category":0,"footnotes":""},"categories":[42,48],"tags":[],"aioseo_notices":[],"_links":{"self":[{"href":"https:\/\/expressaoms.com.br\/index.php\/wp-json\/wp\/v2\/posts\/1715"}],"collection":[{"href":"https:\/\/expressaoms.com.br\/index.php\/wp-json\/wp\/v2\/posts"}],"about":[{"href":"https:\/\/expressaoms.com.br\/index.php\/wp-json\/wp\/v2\/types\/post"}],"author":[{"embeddable":true,"href":"https:\/\/expressaoms.com.br\/index.php\/wp-json\/wp\/v2\/users\/3"}],"replies":[{"embeddable":true,"href":"https:\/\/expressaoms.com.br\/index.php\/wp-json\/wp\/v2\/comments?post=1715"}],"version-history":[{"count":1,"href":"https:\/\/expressaoms.com.br\/index.php\/wp-json\/wp\/v2\/posts\/1715\/revisions"}],"predecessor-version":[{"id":1717,"href":"https:\/\/expressaoms.com.br\/index.php\/wp-json\/wp\/v2\/posts\/1715\/revisions\/1717"}],"wp:attachment":[{"href":"https:\/\/expressaoms.com.br\/index.php\/wp-json\/wp\/v2\/media?parent=1715"}],"wp:term":[{"taxonomy":"category","embeddable":true,"href":"https:\/\/expressaoms.com.br\/index.php\/wp-json\/wp\/v2\/categories?post=1715"},{"taxonomy":"post_tag","embeddable":true,"href":"https:\/\/expressaoms.com.br\/index.php\/wp-json\/wp\/v2\/tags?post=1715"}],"curies":[{"name":"wp","href":"https:\/\/api.w.org\/{rel}","templated":true}]}}