{"id":17161,"date":"2023-03-13T08:54:00","date_gmt":"2023-03-13T11:54:00","guid":{"rendered":"https:\/\/expressaoms.com.br\/?p=17161"},"modified":"2023-03-13T08:54:00","modified_gmt":"2023-03-13T11:54:00","slug":"spu-ms-da-cessao-de-uso-a-prefeitura-de-predio-que-sera-utilizado-para-servicos-em-saude","status":"publish","type":"post","link":"https:\/\/expressaoms.com.br\/index.php\/2023\/03\/13\/spu-ms-da-cessao-de-uso-a-prefeitura-de-predio-que-sera-utilizado-para-servicos-em-saude\/","title":{"rendered":"SPU\/MS d\u00e1 cess\u00e3o de uso \u00e0 Prefeitura de pr\u00e9dio que ser\u00e1 utilizado para servi\u00e7os em sa\u00fade"},"content":{"rendered":"<p data-raofz=\"16\">Na \u00faltima semana, o prefeito Angelo Guerreiro esteve na Superintend\u00eancia do Patrim\u00f4nio da Uni\u00e3o em Mato Grosso do Sul (SPU\/MS) e, em visita superintendente substituta do \u00f3rg\u00e3o, Cl\u00e9lia Olivia Aggio de S\u00e1, foi celebrado um contrato de cess\u00e3o de uso de im\u00f3vel da Uni\u00e3o, localizado no Centro da Cidade.<\/p>\n<p data-raofz=\"16\">Com terreno de 625,00 m\u00b2 e 240,00 m\u00b2 de \u00e1rea constru\u00edda, o im\u00f3vel foi incorporado ao Patrim\u00f4nio da Uni\u00e3o por for\u00e7a da Lei n\u00ba 6.830 de 22\/09\/1980, sendo oriundo da Sellus Eletricidade e Telefonia LTDA, por determina\u00e7\u00e3o Judicial, e deve ser destinado \u00e0 implanta\u00e7\u00e3o de algum servi\u00e7o que venha a somar no atendimento em sa\u00fade em Tr\u00eas Lagoas.<\/p>\n<p data-raofz=\"16\">Ap\u00f3s a cess\u00e3o ser\u00e1 iniciada uma reforma no pr\u00e9dio, seguindo os processos licitat\u00f3rios, para adequa\u00e7\u00e3o do espa\u00e7o e in\u00edcio dos atendimentos no local. \u201cAgradecemos muito a essa cess\u00e3o de uso e, em breve, anunciaremos o que ser\u00e1 instalado nesse pr\u00e9dio que tem localiza\u00e7\u00e3o privilegiada\u201d, comentou Guerreiro.<\/p>\n","protected":false},"excerpt":{"rendered":"<p>Na \u00faltima semana, o prefeito Angelo Guerreiro esteve na Superintend\u00eancia do Patrim\u00f4nio da Uni\u00e3o em Mato Grosso do Sul (SPU\/MS) e, em visita superintendente substituta do \u00f3rg\u00e3o, Cl\u00e9lia Olivia Aggio de S\u00e1, foi celebrado um contrato de cess\u00e3o de uso de im\u00f3vel da Uni\u00e3o, localizado no Centro da Cidade. Com terreno de 625,00 m\u00b2 e [&hellip;]<\/p>\n","protected":false},"author":2,"featured_media":17162,"comment_status":"open","ping_status":"open","sticky":false,"template":"","format":"standard","meta":{"om_disable_all_campaigns":false,"_monsterinsights_skip_tracking":false,"_monsterinsights_sitenote_active":false,"_monsterinsights_sitenote_note":"","_monsterinsights_sitenote_category":0,"footnotes":""},"categories":[36,44,48],"tags":[],"aioseo_notices":[],"_links":{"self":[{"href":"https:\/\/expressaoms.com.br\/index.php\/wp-json\/wp\/v2\/posts\/17161"}],"collection":[{"href":"https:\/\/expressaoms.com.br\/index.php\/wp-json\/wp\/v2\/posts"}],"about":[{"href":"https:\/\/expressaoms.com.br\/index.php\/wp-json\/wp\/v2\/types\/post"}],"author":[{"embeddable":true,"href":"https:\/\/expressaoms.com.br\/index.php\/wp-json\/wp\/v2\/users\/2"}],"replies":[{"embeddable":true,"href":"https:\/\/expressaoms.com.br\/index.php\/wp-json\/wp\/v2\/comments?post=17161"}],"version-history":[{"count":1,"href":"https:\/\/expressaoms.com.br\/index.php\/wp-json\/wp\/v2\/posts\/17161\/revisions"}],"predecessor-version":[{"id":17163,"href":"https:\/\/expressaoms.com.br\/index.php\/wp-json\/wp\/v2\/posts\/17161\/revisions\/17163"}],"wp:featuredmedia":[{"embeddable":true,"href":"https:\/\/expressaoms.com.br\/index.php\/wp-json\/wp\/v2\/media\/17162"}],"wp:attachment":[{"href":"https:\/\/expressaoms.com.br\/index.php\/wp-json\/wp\/v2\/media?parent=17161"}],"wp:term":[{"taxonomy":"category","embeddable":true,"href":"https:\/\/expressaoms.com.br\/index.php\/wp-json\/wp\/v2\/categories?post=17161"},{"taxonomy":"post_tag","embeddable":true,"href":"https:\/\/expressaoms.com.br\/index.php\/wp-json\/wp\/v2\/tags?post=17161"}],"curies":[{"name":"wp","href":"https:\/\/api.w.org\/{rel}","templated":true}]}}