{"id":1719,"date":"2021-10-22T08:59:07","date_gmt":"2021-10-22T11:59:07","guid":{"rendered":"https:\/\/expressaoms.com.br\/?p=1719"},"modified":"2021-10-22T09:00:32","modified_gmt":"2021-10-22T12:00:32","slug":"final-de-semana-tem-previsao-de-tempestade-com-ventos-de-ate-100-km-h-em-mato-grosso-do-sul","status":"publish","type":"post","link":"https:\/\/expressaoms.com.br\/index.php\/2021\/10\/22\/final-de-semana-tem-previsao-de-tempestade-com-ventos-de-ate-100-km-h-em-mato-grosso-do-sul\/","title":{"rendered":"Final de semana tem previs\u00e3o de tempestade com ventos de at\u00e9 100 km\/h em Mato Grosso do Sul"},"content":{"rendered":"<p>Depois da tempestade de areia e vendaval que provocou in\u00fameros transtornos e estragos em Mato Grosso do Sul, a meteorologia novamente prev\u00ea tempestade para o final de semana.<\/p>\n<p>Previs\u00e3o assinada pela coordenadora do Centro de Monitoramento do Tempo e do Clima, Valesca Fernandes indica que entre a sexta-feira (22) a noite e domingo (24) h\u00e1 probabilidade de chuvas com tempestades acompanhadas de raios, rajadas de vento entre 50km\/h a 100Km\/h.<\/p>\n<p>A forte incid\u00eancia de temporais gera risco de vendaval e a possibilidade de novo epis\u00f3dio de levantamento de poeira, segundo o Climatempo. Os modelos meteorol\u00f3gicos indicam acumulados de 75mm para Campo Grande em poucas horas no domingo (24). De forma geral, o estado deve registrar entre 50 e 80 mm.<\/p>\n<p>Essas condi\u00e7\u00f5es ser\u00e3o provocadas por uma combina\u00e7\u00e3o de fatores, como o deslocamento de um sistema de baixa press\u00e3o com origem no Paraguai, ao avan\u00e7o de um sistema frontal, a passagem de cavados, al\u00e9m do transporte de umidade e calor.<\/p>\n<p>\u201cEntre s\u00e1bado (23) e domingo (24), h\u00e1 probabilidade de temporal, com acumulados de chuvas mais significativos e tempestades no estado\u201d, explica.<\/p>\n<p>Antes disso, o tempo segue firme. A sexta-feira (22) ser\u00e1 mais um dia ensolarado e com pouca nebulosidade em todas as \u00e1reas de Mato Grosso do Sul. Pancadas fracas e isoladas de chuva podem ocorrer nas regi\u00f5es sudoeste e pantaneira.<\/p>\n<p>O dia ser\u00e1 marcado por grande amplitude t\u00e9rmica. O extremo sul do estado pode ter m\u00ednimas em torno de 15\u00b0C na madrugada, j\u00e1 as m\u00e1ximas podem passar dos 37\u00b0C na regi\u00e3o pantaneira.<\/p>\n<p>Confira no mapa elaborado pelo Cemtec, as condi\u00e7\u00f5es de tempo e temperatura para esta sexta-feira.<\/p>\n<p><img fetchpriority=\"high\" decoding=\"async\" class=\"alignnone size-medium wp-image-1720\" src=\"https:\/\/expressaoms.com.br\/wp-content\/uploads\/2021\/10\/mapa-22-outubro-300x226.png\" alt=\"\" width=\"300\" height=\"226\" \/><\/p>\n<p><strong data-uw-styling-context=\"true\">Alertas Defesa Civil<\/strong><\/p>\n<p data-uw-styling-context=\"true\">A Coordenadoria Estadual de Defesa Civil de Mato Grosso do Sul conta com um servi\u00e7o de SMS que dispara alertas diversos para o cidad\u00e3o cadastrado.<\/p>\n<p data-uw-styling-context=\"true\">O servi\u00e7o oferecido gratuitamente \u00e9 uma ferramenta importante pois os alertas v\u00eam com orienta\u00e7\u00f5es. Para aderir ao sistema, o cidad\u00e3o deve enviar mensagem de texto para o n\u00famero 40199 com o CEP da resid\u00eancia.<\/p>\n<p data-uw-styling-context=\"true\">A partir do cadastro, o telefone e o endere\u00e7o s\u00e3o automaticamente inclu\u00eddos na lista de envio dos alertas sempre que houver risco de desastres naturais na regi\u00e3o indicada.<\/p>\n<p data-uw-styling-context=\"true\">Vale ressaltar que a ferramenta n\u00e3o se trata de previs\u00e3o do tempo, mas de alertas que ser\u00e3o enviados sempre que houver situa\u00e7\u00e3o que requeira aten\u00e7\u00e3o especial ou medidas preventivas.<\/p>\n<pre data-uw-styling-context=\"true\">Fonte: Governo MS<\/pre>\n","protected":false},"excerpt":{"rendered":"<p>Depois da tempestade de areia e vendaval que provocou in\u00fameros transtornos e estragos em Mato Grosso do Sul, a meteorologia novamente prev\u00ea tempestade para o final de semana. Previs\u00e3o assinada pela coordenadora do Centro de Monitoramento do Tempo e do Clima, Valesca Fernandes indica que entre a sexta-feira (22) a noite e domingo (24) h\u00e1 [&hellip;]<\/p>\n","protected":false},"author":3,"featured_media":0,"comment_status":"open","ping_status":"open","sticky":false,"template":"","format":"standard","meta":{"om_disable_all_campaigns":false,"_monsterinsights_skip_tracking":false,"_monsterinsights_sitenote_active":false,"_monsterinsights_sitenote_note":"","_monsterinsights_sitenote_category":0,"footnotes":""},"categories":[30,36,47],"tags":[],"aioseo_notices":[],"_links":{"self":[{"href":"https:\/\/expressaoms.com.br\/index.php\/wp-json\/wp\/v2\/posts\/1719"}],"collection":[{"href":"https:\/\/expressaoms.com.br\/index.php\/wp-json\/wp\/v2\/posts"}],"about":[{"href":"https:\/\/expressaoms.com.br\/index.php\/wp-json\/wp\/v2\/types\/post"}],"author":[{"embeddable":true,"href":"https:\/\/expressaoms.com.br\/index.php\/wp-json\/wp\/v2\/users\/3"}],"replies":[{"embeddable":true,"href":"https:\/\/expressaoms.com.br\/index.php\/wp-json\/wp\/v2\/comments?post=1719"}],"version-history":[{"count":2,"href":"https:\/\/expressaoms.com.br\/index.php\/wp-json\/wp\/v2\/posts\/1719\/revisions"}],"predecessor-version":[{"id":1723,"href":"https:\/\/expressaoms.com.br\/index.php\/wp-json\/wp\/v2\/posts\/1719\/revisions\/1723"}],"wp:attachment":[{"href":"https:\/\/expressaoms.com.br\/index.php\/wp-json\/wp\/v2\/media?parent=1719"}],"wp:term":[{"taxonomy":"category","embeddable":true,"href":"https:\/\/expressaoms.com.br\/index.php\/wp-json\/wp\/v2\/categories?post=1719"},{"taxonomy":"post_tag","embeddable":true,"href":"https:\/\/expressaoms.com.br\/index.php\/wp-json\/wp\/v2\/tags?post=1719"}],"curies":[{"name":"wp","href":"https:\/\/api.w.org\/{rel}","templated":true}]}}