{"id":17192,"date":"2023-03-14T09:55:02","date_gmt":"2023-03-14T12:55:02","guid":{"rendered":"https:\/\/expressaoms.com.br\/?p=17192"},"modified":"2023-03-14T09:55:02","modified_gmt":"2023-03-14T12:55:02","slug":"saude-reforca-campanhas-de-vacinacao-disponiveis-para-populacao","status":"publish","type":"post","link":"https:\/\/expressaoms.com.br\/index.php\/2023\/03\/14\/saude-reforca-campanhas-de-vacinacao-disponiveis-para-populacao\/","title":{"rendered":"Sa\u00fade refor\u00e7a campanhas de vacina\u00e7\u00e3o dispon\u00edveis para popula\u00e7\u00e3o"},"content":{"rendered":"<p data-raofz=\"16\">Por conta dos baixos \u00edndices alarmantes dos \u00faltimos anos da cobertura vacinal no Brasil, que est\u00e3o em queda tanto em Tr\u00eas Lagoas, quanto em todo territ\u00f3rio nacional, o Minist\u00e9rio da Sa\u00fade vem intensificando o cronograma do Programa Nacional de Vacina\u00e7\u00e3o 2023, e a Secretaria Municipal de Sa\u00fade (SMS), refor\u00e7a para toda popula\u00e7\u00e3o o calend\u00e1rio da vacina\u00e7\u00e3o no Munic\u00edpio.<br \/>\nTodas as Unidades de Sa\u00fade da Fam\u00edlia (USF) do Munic\u00edpio segue com a campanhas de rotina, para o p\u00fablico infantil, adolescente, adulto, idoso e pessoas com comorbidades.<br \/>\nNeste m\u00eas de mar\u00e7o inicia a mobiliza\u00e7\u00e3o nas escolas, parceria entre a Central de Imuniza\u00e7\u00e3o da SMS e escolas do Munic\u00edpio, no projeto Fam\u00edlia na Escola, ser\u00e3o quatro encontros, aos s\u00e1bados, onde pais e filhos estar\u00e3o na unidade de ensino, os profissionais de sa\u00fade v\u00e3o estar presente e atualizar a caderneta de vacina\u00e7\u00e3o e Covis-19.<br \/>\nA vacina\u00e7\u00e3o contra a Covid-19 est\u00e1 dispon\u00edvel para todas as pessoas com idade acima de 06 meses e para o imunizante bivalente, pessoas acima de 60 anos e aos pertencentes a grupos priorit\u00e1rios .<\/p>\n<p data-raofz=\"16\"><strong>VEJA O CRONOGRAMA GERAL DE IMUNIZA\u00c7\u00c3O NAS UNIDADES DE SA\u00daDE<\/strong><\/p>\n<p data-raofz=\"16\"><strong>P\u00daBLICO INFANTIL<\/strong><br \/>\nRec\u00e9m-nascido \u2013 BCG e hepatite B.<br \/>\n2 e 4 meses \u2013 pentavalente, vacina inativa da poliomielite (VIP); pneumococica e rotav\u00edrus<br \/>\n3 e 5 meses \u2013 meningococica<br \/>\n6 meses \u2013 pentavalente; vacina inativa da poliomielite ( VIP) e influenza<br \/>\n9 meses \u2013 febre amarela<br \/>\n12 meses \u2013 tr\u00edplice viral; pneumoc\u00f3cica e meningococica<br \/>\n15 meses \u2013 DTP; vacina oral poliomielite (VOP); hepatite A e tetra viral<br \/>\n4 anos \u2013 DTP; vacina oral poliomielite; varicela e FA<\/p>\n<p data-raofz=\"16\">9 a 14 anos \u2013 HPV<\/p>\n<p data-raofz=\"16\">Covid-19 \u2013 Crian\u00e7as a partir de 06 meses com 3 doses iniciais;<br \/>\n05 a 11 anos \u2013 2 doses para completar o esquema vacinal e uma dose de REFOR\u00c7O<\/p>\n<p data-raofz=\"16\"><strong>ADOLESCENTE<\/strong><br \/>\n10 a 19 anos \u2013 hepatite B; febre amarela; dupla adulto e tr\u00edplice viral<br \/>\n11 a 14 anos- ACWY<br \/>\nCovid-19 \u2013<br \/>\n12 a 17 anos \u2013 2 doses para completar o esquema vacinal e uma dose de REFOR\u00c7O<\/p>\n<p data-raofz=\"16\"><strong>ADULTO<\/strong><br \/>\n20 a 59 \u2013 febre amarela; hepatite B; dupla adulto; tr\u00edplice viral<\/p>\n<p data-raofz=\"16\">Covid -19 \u2013<br \/>\n18 a 34 anos \u2013 2 doses esquema vacinal + 1 dose de refor\u00e7o \u2013<br \/>\nA partir dos 35 anos \u2013 2 doses do esquema vacinal + 2 doses de refor\u00e7o<\/p>\n<p data-raofz=\"16\"><strong>IDOSO<\/strong><br \/>\n60 anos ou mais \u2013<br \/>\nhepatite B;<br \/>\ndupla adulto;<br \/>\nInfluenza<br \/>\nCovid 19<br \/>\nBivalente \u2013 Idosos acima de 60 anos<\/p>\n<p data-raofz=\"16\"><strong>OUTROS GRUPOS<\/strong><\/p>\n<p data-raofz=\"16\">Gestantes \u2013<br \/>\nhepatite B; dupla adulto; dTpa e Influenza<\/p>\n<p data-raofz=\"16\"><strong>OUTRAS CAMPANHAS<\/strong><\/p>\n<p data-raofz=\"16\"><strong>PROJETO FAM\u00cdLIA NA ESCOLA<\/strong><\/p>\n<p data-raofz=\"16\">Nos dias 25\/03, 13\/05, 19\/08 e 21\/10 \u2013 Campanha de vacina\u00e7\u00e3o nas escolas de Tr\u00eas Lagoas para atualiza\u00e7\u00e3o das vacinas de rotina e Covid-19.<\/p>\n<p data-raofz=\"16\"><strong>BIVALENTE<\/strong><br \/>\nP\u00fablico-alvo: Al\u00e9m dos idosos acima de 60 anos de idade, gestantes e pu\u00e9rperas; pacientes imunocomprometidos; pessoas com defici\u00eancia; pessoas vivendo em institui\u00e7\u00f5es de longa perman\u00eancia (ILP) e seus trabalhadores; povos ind\u00edgenas, ribeirinhos e quilombolas e trabalhadoras da sa\u00fade.<\/p>\n<p data-raofz=\"16\"><strong>INFLUENZA<\/strong><br \/>\nABRIL \u2013 com data a ser definida \u2013 p\u00fablico-alvo: \u2022 pessoas com mais de 60 anos; adolescentes em medidas socioeducativas; caminhoneiros (a); crian\u00e7as de 6 meses a 4 anos; for\u00e7as armadas; for\u00e7as de seguran\u00e7a e salvamento; gestantes e pu\u00e9rperas; pessoas com defici\u00eancia; pessoas com comorbidades; popula\u00e7\u00e3o privada de liberdade; povos ind\u00edgenas, ribeirinhos e quilombolas; professoras e professores; profissionais de transporte coletivo; profissionais portu\u00e1rios; profissionais do sistema de priva\u00e7\u00e3o de liberdade e trabalhadoras e trabalhadores da sa\u00fade.<\/p>\n<p data-raofz=\"16\"><strong><a role=\"link\" href=\"http:\/\/www.treslagoas.ms.gov.br\/wp-content\/uploads\/2023\/02\/CRONOGRAMA-UNIDADES.pdf\" data-type=\"URL\" data-id=\"http:\/\/www.treslagoas.ms.gov.br\/wp-content\/uploads\/2023\/02\/CRONOGRAMA-UNIDADES.pdf\" data-raofz=\"16\">VEJA ABAIXO O CRONOGRAMA DE ABERTURA DE FRASCO DAS UNIDADE DE SA\u00daDE<\/a><\/strong> \u2013 COVID-19 infantil<\/p>\n","protected":false},"excerpt":{"rendered":"<p>Por conta dos baixos \u00edndices alarmantes dos \u00faltimos anos da cobertura vacinal no Brasil, que est\u00e3o em queda tanto em Tr\u00eas Lagoas, quanto em todo territ\u00f3rio nacional, o Minist\u00e9rio da Sa\u00fade vem intensificando o cronograma do Programa Nacional de Vacina\u00e7\u00e3o 2023, e a Secretaria Municipal de Sa\u00fade (SMS), refor\u00e7a para toda popula\u00e7\u00e3o o calend\u00e1rio da [&hellip;]<\/p>\n","protected":false},"author":2,"featured_media":17193,"comment_status":"open","ping_status":"open","sticky":false,"template":"","format":"standard","meta":{"om_disable_all_campaigns":false,"_monsterinsights_skip_tracking":false,"_monsterinsights_sitenote_active":false,"_monsterinsights_sitenote_note":"","_monsterinsights_sitenote_category":0,"footnotes":""},"categories":[36,44,48],"tags":[],"aioseo_notices":[],"_links":{"self":[{"href":"https:\/\/expressaoms.com.br\/index.php\/wp-json\/wp\/v2\/posts\/17192"}],"collection":[{"href":"https:\/\/expressaoms.com.br\/index.php\/wp-json\/wp\/v2\/posts"}],"about":[{"href":"https:\/\/expressaoms.com.br\/index.php\/wp-json\/wp\/v2\/types\/post"}],"author":[{"embeddable":true,"href":"https:\/\/expressaoms.com.br\/index.php\/wp-json\/wp\/v2\/users\/2"}],"replies":[{"embeddable":true,"href":"https:\/\/expressaoms.com.br\/index.php\/wp-json\/wp\/v2\/comments?post=17192"}],"version-history":[{"count":1,"href":"https:\/\/expressaoms.com.br\/index.php\/wp-json\/wp\/v2\/posts\/17192\/revisions"}],"predecessor-version":[{"id":17194,"href":"https:\/\/expressaoms.com.br\/index.php\/wp-json\/wp\/v2\/posts\/17192\/revisions\/17194"}],"wp:featuredmedia":[{"embeddable":true,"href":"https:\/\/expressaoms.com.br\/index.php\/wp-json\/wp\/v2\/media\/17193"}],"wp:attachment":[{"href":"https:\/\/expressaoms.com.br\/index.php\/wp-json\/wp\/v2\/media?parent=17192"}],"wp:term":[{"taxonomy":"category","embeddable":true,"href":"https:\/\/expressaoms.com.br\/index.php\/wp-json\/wp\/v2\/categories?post=17192"},{"taxonomy":"post_tag","embeddable":true,"href":"https:\/\/expressaoms.com.br\/index.php\/wp-json\/wp\/v2\/tags?post=17192"}],"curies":[{"name":"wp","href":"https:\/\/api.w.org\/{rel}","templated":true}]}}